{"id":2437,"date":"2022-08-05T19:45:10","date_gmt":"2022-08-05T16:45:10","guid":{"rendered":"https:\/\/celebikurye.com\/tr\/?p=2437"},"modified":"2022-09-20T19:54:15","modified_gmt":"2022-09-20T16:54:15","slug":"cekmekoy-den-kurye-cagirabilirsiniz","status":"publish","type":"post","link":"https:\/\/celebikurye.com\/tr\/istanbul-kurye-ilceleri\/cekmekoy-den-kurye-cagirabilirsiniz\/","title":{"rendered":"\u00c7ekmek\u00f6y den kurye \u00e7a\u011f\u0131rabilirsiniz"},"content":{"rendered":"<p>\u00c7ekmek\u00f6y, iki k\u0131tay\u0131 birbirine ba\u011flayan; sosyal, iktisadi, turistik ve sanatsal dinamikleriyle sadece T\u00fcrkiye\u2019nin de\u011fil d\u00fcnyan\u0131n kalbi s\u0131fat\u0131n\u0131 hak eden; yery\u00fcz\u00fcn\u00fcn en b\u00fcy\u00fck ve en g\u00fczel \u015fehirlerinden biri olan \u0130stanbul\u2019un 39 il\u00e7esinden birisidir. \u00c7ekmek\u00f6y den kurye \u00e7a\u011f\u0131rabilirsiniz ve biz h\u0131zl\u0131ca yapabiliriz.<\/p>\n<p>Ayn\u0131 zamanda bu \u015fehrin Anadolu yakas\u0131nda yer alan il\u00e7elerinden biri olarak ye\u015fil orman\u0131 ile an\u0131l\u0131r. \u00d6zellikle nefis menba sular\u0131 ve son d\u00f6nemde \u00f6ne \u00e7\u0131kan modern yerle\u015fim alanlar\u0131yla ona hayat verir. Bir anlamda mesire alanlar\u0131, huzur veren atmosferi, do\u011fal zenginli\u011fi ve bitki \u00f6rt\u00fcs\u00fcyle as\u00fbde bir ya\u015fam merkezi olarak \u00f6ne \u00e7\u0131kar.<\/p>\n<p><a href=\"https:\/\/kuryeminteli.com\/bolgeler\/ilceler\/cekmekoy-den-her-yere-kurye-gonderimi-yapabilirsiniz\/\" target=\"_blank\" rel=\"noopener\">\u00c7ekmek\u00f6y<\/a> il\u00e7e olunca 17 mahalle ve 4 k\u00f6yden meydana gelen b\u00fcy\u00fck bir b\u00f6lge oldu. \u00d6zellikle <a href=\"#alemda\u011f_acil-kurye-laz\u0131m\">Alemda\u011f kurye<\/a>, <a href=\"#cekmek\u00f6y_acil-kurye-laz\u0131m\">Ayd\u0131nlar kurye,<\/a>\u00a0 \u00c7aml\u0131k kurye, \u00c7atalme\u015fe kurye, Cumhuriyet kurye, Ek\u015fio\u011flu kurye, <img decoding=\"async\" class=\"lazyload size-full wp-image-2439 alignleft\" src=\"https:\/\/celebikurye.com\/tr\/wp-content\/uploads\/2022\/09\/cekmekoy-kurye-cagir.jpg\" data-orig-src=\"https:\/\/celebikurye.com\/tr\/wp-content\/uploads\/2022\/09\/cekmekoy-kurye-cagir.jpg\" alt=\"\" width=\"400\" height=\"600\" srcset=\"data:image\/svg+xml,%3Csvg%20xmlns%3D%27http%3A%2F%2Fwww.w3.org%2F2000%2Fsvg%27%20width%3D%27400%27%20height%3D%27600%27%20viewBox%3D%270%200%20400%20600%27%3E%3Crect%20width%3D%27400%27%20height%3D%27600%27%20fill-opacity%3D%220%22%2F%3E%3C%2Fsvg%3E\" data-srcset=\"https:\/\/celebikurye.com\/tr\/wp-content\/uploads\/2022\/09\/cekmekoy-kurye-cagir-200x300.jpg 200w, https:\/\/celebikurye.com\/tr\/wp-content\/uploads\/2022\/09\/cekmekoy-kurye-cagir.jpg 400w\" data-sizes=\"auto\" data-orig-sizes=\"(max-width: 400px) 100vw, 400px\" \/>G\u00fcng\u00f6ren kurye. Ayn\u0131 zamanda Hamidiye kurye, Kirazl\u0131 dere kurye, Mehmet Akif mahallesi kurye, Merkez kurye,\u00a0 Mimar Sinan mahallesi kurye, Ni\u015fantepe kurye,\u00a0 \u00d6merli kurye, So\u011fukp\u0131nar kurye, Sultan\u00e7iftli\u011fi\u00a0 kurye ve <a href=\"#ta\u015fdelen_acil-kurye-laz\u0131m\">Ta\u015fdelen kurye<\/a> mahallelerinden olu\u015fmaktad\u0131r. Ayn\u0131 zamanda \u00c7ekmek\u00f6y\u2019 \u00fcn art\u0131k Re\u015fadiye kurye,\u00a0 \u00a0H\u00fcseyinli kurye, S\u0131rap\u0131nar kurye ve Ko\u00e7ullu kurye diye 4 k\u00f6y\u00fc de bulunuyor.<\/p>\n<p>Anadolu yakas\u0131ndaki Alemda\u011f ormanlar\u0131n\u0131n g\u00fcney bat\u0131 kesiminde kurulmu\u015ftur. Y\u00fcz \u00f6l\u00e7\u00fcm\u00fcne g\u00f6re kalabal\u0131k de\u011filmi\u015f gibi g\u00f6r\u00fcnsede n\u00fcfus artmaktad\u0131r. \u00d6zellikle dikey mimari ile yap\u0131lan site in\u015faat lar\u0131 etkilidir. Bireysel kurye g\u00f6nderisinin en yo\u011fun oldu\u011fu b\u00f6lgelerden biridir. \u00d6zellikle Uygulama kuryeleri ve online sipari\u015flerin teslimatlar\u0131 bu \u015fekil de yap\u0131lmaktad\u0131r. Normal kurye g\u00f6nderimi daha fazla kullan\u0131lmaktad\u0131r.<\/p>\n<h3>Tertemiz Alemda\u011f\u0131n eteklerinde<\/h3>\n<p>\u0130l\u00e7e&#8217;nin kuzeybat\u0131s\u0131nda <a href=\"https:\/\/celebikurye.com\/tr\/istanbul-kurye-ilceleri\/beykoz-da-kurye\/\">Beykoz<\/a>, kuzeydo\u011fusunda \u015eile, g\u00fcneybat\u0131s\u0131nda <a href=\"https:\/\/motokurye.com.tr\/kurye\/umraniye-kurye\/\">\u00dcmraniye<\/a>, g\u00fcneydo\u011fusunda ise Sancaktepe il\u00e7eleri yer almaktad\u0131r. \u015eile y\u00f6n\u00fcne gitmek i\u00e7in i\u00e7inden ge\u00e7ilen bir u\u011frak noktas\u0131 konumundad\u0131r. Bu ticarete etki etmektedir. B\u00f6lge de 24 saat eczane kuryesi kullan\u0131lmaktad\u0131r. \u00d6zellikle yerel hizmetlerin d\u0131\u015f\u0131nda \u015fehrin her yerinden kurye g\u00f6nderimi yap\u0131labilmektedir.<\/p>\n<p>Ayn\u0131 \u015fekilde \u00c7ekmek\u00f6y den \u015fehrin her yerine kurye g\u00f6nderimi yap\u0131la bilmektedir. Sanayi b\u00f6lgesi konumu fazla olmad\u0131\u011f\u0131 i\u00e7in ticari kurye daha az kullan\u0131lmaktad\u0131r.<\/p>\n<p>\u00c7ekmek\u00f6y den kurye \u00e7a\u011f\u0131rabilirsiniz. Bu talebinizi zamana ba\u011fl\u0131 olmadan yapabilirsiniz. \u00c7elebi kurye olarak b\u00f6lgede her daim n\u00f6bet\u00e7i kurye bulundurmaktay\u0131z. En iyi hizmeti verebilmek i\u00e7in en do\u011fru \u015fekilde \u00e7al\u0131\u015f\u0131yoruz.<\/p>\n","protected":false},"excerpt":{"rendered":"<p>\u00c7ekmek\u00f6y den kurye \u00e7a\u011f\u0131rabilirsiniz. Bu talebinizi zamana ba\u011fl\u0131 olmadan yapabilirsiniz. \u00c7elebi kurye olarak b\u00f6lgede her daim n\u00f6bet\u00e7i kurye bulundurmaktay\u0131z. En iyi hizmeti verebilmek i\u00e7in en do\u011fru \u015fekilde \u00e7al\u0131\u015f\u0131yoruz.<\/p>\n","protected":false},"author":1,"featured_media":2438,"comment_status":"open","ping_status":"open","sticky":false,"template":"","format":"standard","meta":{"footnotes":""},"categories":[9],"tags":[169,170,166,136,171,172,173,174,175,176,177,178,179,180,181,185,167,182,183,184,160],"class_list":["post-2437","post","type-post","status-publish","format-standard","has-post-thumbnail","hentry","category-istanbul-kurye-ilceleri","tag-alemdag-kurye","tag-aydinlar-kurye","tag-beykoz-kurye","tag-camlik-kurye","tag-catalmese-kurye","tag-cumhuriyet-kurye","tag-eksioglu-kurye","tag-gungoren-kurye","tag-hamidiye-kurye","tag-kirazli-dere-kurye","tag-mehmet-akif-mahallesi-kurye","tag-merkez-kurye","tag-mimar-sinan-mahallesi-kurye","tag-nisantepe-kurye","tag-omerli-kurye","tag-sancaktepe-kurye","tag-sile-kurye","tag-sogukpinar-kurye","tag-sultanciftligi-kurye","tag-tasdelen-kurye","tag-umraniye-kurye"],"yoast_head":"<!-- This site is optimized with the Yoast SEO plugin v27.3 - https:\/\/yoast.com\/product\/yoast-seo-wordpress\/ -->\n<title>\u00c7ekmek\u00f6y den kurye \u00e7a\u011f\u0131rabilirsiniz - \u00c7elebi Kurye - 0542 600 9876 - Zaman Kazand\u0131r\u0131r<\/title>\n<meta name=\"description\" content=\"\u00c7ekmek\u00f6y den kurye \u00e7a\u011f\u0131rabilirsiniz. Bu talebinizi zamana ba\u011fl\u0131 olmadan En iyi hizmeti verebilmek i\u00e7in en do\u011fru \u015fekilde \u00e7al\u0131\u015f\u0131yoruz.\" \/>\n<meta name=\"robots\" content=\"index, follow, max-snippet:-1, max-image-preview:large, max-video-preview:-1\" \/>\n<link rel=\"canonical\" href=\"https:\/\/celebikurye.com\/tr\/istanbul-kurye-ilceleri\/cekmekoy-den-kurye-cagirabilirsiniz\/\" \/>\n<meta property=\"og:locale\" content=\"tr_TR\" \/>\n<meta property=\"og:type\" content=\"article\" \/>\n<meta property=\"og:title\" content=\"\u00c7ekmek\u00f6y den kurye \u00e7a\u011f\u0131rabilirsiniz - \u00c7elebi Kurye - 0542 600 9876 - Zaman Kazand\u0131r\u0131r\" \/>\n<meta property=\"og:description\" content=\"\u00c7ekmek\u00f6y den kurye \u00e7a\u011f\u0131rabilirsiniz. Bu talebinizi zamana ba\u011fl\u0131 olmadan En iyi hizmeti verebilmek i\u00e7in en do\u011fru \u015fekilde \u00e7al\u0131\u015f\u0131yoruz.\" \/>\n<meta property=\"og:url\" content=\"https:\/\/celebikurye.com\/tr\/istanbul-kurye-ilceleri\/cekmekoy-den-kurye-cagirabilirsiniz\/\" \/>\n<meta property=\"og:site_name\" content=\"\u00c7elebi Kurye - 0542 600 9876 - Zaman Kazand\u0131r\u0131r\" \/>\n<meta property=\"article:published_time\" content=\"2022-08-05T16:45:10+00:00\" \/>\n<meta property=\"article:modified_time\" content=\"2022-09-20T16:54:15+00:00\" \/>\n<meta property=\"og:image\" content=\"https:\/\/celebikurye.com\/tr\/wp-content\/uploads\/2022\/09\/cekmekoy_de-kurye-cagir.jpg\" \/>\n\t<meta property=\"og:image:width\" content=\"800\" \/>\n\t<meta property=\"og:image:height\" content=\"500\" \/>\n\t<meta property=\"og:image:type\" content=\"image\/jpeg\" \/>\n<meta name=\"author\" content=\"epbilisim\" \/>\n<meta name=\"twitter:card\" content=\"summary_large_image\" \/>\n<meta name=\"twitter:label1\" content=\"Yazan:\" \/>\n\t<meta name=\"twitter:data1\" content=\"epbilisim\" \/>\n\t<meta name=\"twitter:label2\" content=\"Tahmini okuma s\u00fcresi\" \/>\n\t<meta name=\"twitter:data2\" content=\"3 dakika\" \/>\n<script type=\"application\/ld+json\" class=\"yoast-schema-graph\">{\"@context\":\"https:\\\/\\\/schema.org\",\"@graph\":[{\"@type\":\"Article\",\"@id\":\"https:\\\/\\\/celebikurye.com\\\/tr\\\/istanbul-kurye-ilceleri\\\/cekmekoy-den-kurye-cagirabilirsiniz\\\/#article\",\"isPartOf\":{\"@id\":\"https:\\\/\\\/celebikurye.com\\\/tr\\\/istanbul-kurye-ilceleri\\\/cekmekoy-den-kurye-cagirabilirsiniz\\\/\"},\"author\":{\"name\":\"epbilisim\",\"@id\":\"https:\\\/\\\/celebikurye.com\\\/tr\\\/#\\\/schema\\\/person\\\/6936cecf075d4229326ed978f353764d\"},\"headline\":\"\u00c7ekmek\u00f6y den kurye \u00e7a\u011f\u0131rabilirsiniz\",\"datePublished\":\"2022-08-05T16:45:10+00:00\",\"dateModified\":\"2022-09-20T16:54:15+00:00\",\"mainEntityOfPage\":{\"@id\":\"https:\\\/\\\/celebikurye.com\\\/tr\\\/istanbul-kurye-ilceleri\\\/cekmekoy-den-kurye-cagirabilirsiniz\\\/\"},\"wordCount\":451,\"commentCount\":0,\"image\":{\"@id\":\"https:\\\/\\\/celebikurye.com\\\/tr\\\/istanbul-kurye-ilceleri\\\/cekmekoy-den-kurye-cagirabilirsiniz\\\/#primaryimage\"},\"thumbnailUrl\":\"https:\\\/\\\/celebikurye.com\\\/tr\\\/wp-content\\\/uploads\\\/2022\\\/09\\\/cekmekoy_de-kurye-cagir.jpg\",\"keywords\":[\"Alemda\u011f kurye\",\"Ayd\u0131nlar kurye\",\"Beykoz kurye\",\"\u00c7aml\u0131k kurye\",\"\u00c7atalme\u015fe kurye\",\"Cumhuriyet kurye\",\"Ek\u015fio\u011flu kurye\",\"G\u00fcng\u00f6ren kurye\",\"Hamidiye kurye\",\"Kirazl\u0131 dere kurye\",\"Mehmet Akif mahallesi kurye\",\"Merkez kurye\",\"Mimar Sinan mahallesi kurye\",\"Ni\u015fantepe kurye\",\"\u00d6merli kurye\",\"Sancaktepe kurye\",\"\u015eile kurye\",\"So\u011fukp\u0131nar kurye\",\"Sultan\u00e7iftli\u011fi\u00a0 kurye\",\"Ta\u015fdelen kurye\",\"\u00dcmraniye Kurye\"],\"articleSection\":[\"\u0130l\u00e7eler\"],\"inLanguage\":\"tr\",\"potentialAction\":[{\"@type\":\"CommentAction\",\"name\":\"Comment\",\"target\":[\"https:\\\/\\\/celebikurye.com\\\/tr\\\/istanbul-kurye-ilceleri\\\/cekmekoy-den-kurye-cagirabilirsiniz\\\/#respond\"]}]},{\"@type\":\"WebPage\",\"@id\":\"https:\\\/\\\/celebikurye.com\\\/tr\\\/istanbul-kurye-ilceleri\\\/cekmekoy-den-kurye-cagirabilirsiniz\\\/\",\"url\":\"https:\\\/\\\/celebikurye.com\\\/tr\\\/istanbul-kurye-ilceleri\\\/cekmekoy-den-kurye-cagirabilirsiniz\\\/\",\"name\":\"\u00c7ekmek\u00f6y den kurye \u00e7a\u011f\u0131rabilirsiniz - \u00c7elebi Kurye - 0542 600 9876 - Zaman Kazand\u0131r\u0131r\",\"isPartOf\":{\"@id\":\"https:\\\/\\\/celebikurye.com\\\/tr\\\/#website\"},\"primaryImageOfPage\":{\"@id\":\"https:\\\/\\\/celebikurye.com\\\/tr\\\/istanbul-kurye-ilceleri\\\/cekmekoy-den-kurye-cagirabilirsiniz\\\/#primaryimage\"},\"image\":{\"@id\":\"https:\\\/\\\/celebikurye.com\\\/tr\\\/istanbul-kurye-ilceleri\\\/cekmekoy-den-kurye-cagirabilirsiniz\\\/#primaryimage\"},\"thumbnailUrl\":\"https:\\\/\\\/celebikurye.com\\\/tr\\\/wp-content\\\/uploads\\\/2022\\\/09\\\/cekmekoy_de-kurye-cagir.jpg\",\"datePublished\":\"2022-08-05T16:45:10+00:00\",\"dateModified\":\"2022-09-20T16:54:15+00:00\",\"author\":{\"@id\":\"https:\\\/\\\/celebikurye.com\\\/tr\\\/#\\\/schema\\\/person\\\/6936cecf075d4229326ed978f353764d\"},\"description\":\"\u00c7ekmek\u00f6y den kurye \u00e7a\u011f\u0131rabilirsiniz. Bu talebinizi zamana ba\u011fl\u0131 olmadan En iyi hizmeti verebilmek i\u00e7in en do\u011fru \u015fekilde \u00e7al\u0131\u015f\u0131yoruz.\",\"breadcrumb\":{\"@id\":\"https:\\\/\\\/celebikurye.com\\\/tr\\\/istanbul-kurye-ilceleri\\\/cekmekoy-den-kurye-cagirabilirsiniz\\\/#breadcrumb\"},\"inLanguage\":\"tr\",\"potentialAction\":[{\"@type\":\"ReadAction\",\"target\":[\"https:\\\/\\\/celebikurye.com\\\/tr\\\/istanbul-kurye-ilceleri\\\/cekmekoy-den-kurye-cagirabilirsiniz\\\/\"]}]},{\"@type\":\"ImageObject\",\"inLanguage\":\"tr\",\"@id\":\"https:\\\/\\\/celebikurye.com\\\/tr\\\/istanbul-kurye-ilceleri\\\/cekmekoy-den-kurye-cagirabilirsiniz\\\/#primaryimage\",\"url\":\"https:\\\/\\\/celebikurye.com\\\/tr\\\/wp-content\\\/uploads\\\/2022\\\/09\\\/cekmekoy_de-kurye-cagir.jpg\",\"contentUrl\":\"https:\\\/\\\/celebikurye.com\\\/tr\\\/wp-content\\\/uploads\\\/2022\\\/09\\\/cekmekoy_de-kurye-cagir.jpg\",\"width\":800,\"height\":500},{\"@type\":\"BreadcrumbList\",\"@id\":\"https:\\\/\\\/celebikurye.com\\\/tr\\\/istanbul-kurye-ilceleri\\\/cekmekoy-den-kurye-cagirabilirsiniz\\\/#breadcrumb\",\"itemListElement\":[{\"@type\":\"ListItem\",\"position\":1,\"name\":\"Anasayfa\",\"item\":\"https:\\\/\\\/celebikurye.com\\\/tr\\\/\"},{\"@type\":\"ListItem\",\"position\":2,\"name\":\"\u00c7ekmek\u00f6y den kurye \u00e7a\u011f\u0131rabilirsiniz\"}]},{\"@type\":\"WebSite\",\"@id\":\"https:\\\/\\\/celebikurye.com\\\/tr\\\/#website\",\"url\":\"https:\\\/\\\/celebikurye.com\\\/tr\\\/\",\"name\":\"\u00c7elebi Kurye - 0542 600 9876 - Zaman Kazand\u0131r\u0131r\",\"description\":\"Zaman Kazand\u0131r\u0131r\",\"potentialAction\":[{\"@type\":\"SearchAction\",\"target\":{\"@type\":\"EntryPoint\",\"urlTemplate\":\"https:\\\/\\\/celebikurye.com\\\/tr\\\/?s={search_term_string}\"},\"query-input\":{\"@type\":\"PropertyValueSpecification\",\"valueRequired\":true,\"valueName\":\"search_term_string\"}}],\"inLanguage\":\"tr\"},{\"@type\":\"Person\",\"@id\":\"https:\\\/\\\/celebikurye.com\\\/tr\\\/#\\\/schema\\\/person\\\/6936cecf075d4229326ed978f353764d\",\"name\":\"epbilisim\",\"image\":{\"@type\":\"ImageObject\",\"inLanguage\":\"tr\",\"@id\":\"https:\\\/\\\/secure.gravatar.com\\\/avatar\\\/6b53c25b9270d170ef20c514a1f15019195e26e66baa473d86f41e5d76890ae8?s=96&d=mm&r=g\",\"url\":\"https:\\\/\\\/secure.gravatar.com\\\/avatar\\\/6b53c25b9270d170ef20c514a1f15019195e26e66baa473d86f41e5d76890ae8?s=96&d=mm&r=g\",\"contentUrl\":\"https:\\\/\\\/secure.gravatar.com\\\/avatar\\\/6b53c25b9270d170ef20c514a1f15019195e26e66baa473d86f41e5d76890ae8?s=96&d=mm&r=g\",\"caption\":\"epbilisim\"},\"sameAs\":[\"https:\\\/\\\/celebikurye.com\\\/tr\"],\"url\":\"https:\\\/\\\/celebikurye.com\\\/tr\\\/author\\\/epbilisim\\\/\"}]}<\/script>\n<!-- \/ Yoast SEO plugin. -->","yoast_head_json":{"title":"\u00c7ekmek\u00f6y den kurye \u00e7a\u011f\u0131rabilirsiniz - \u00c7elebi Kurye - 0542 600 9876 - Zaman Kazand\u0131r\u0131r","description":"\u00c7ekmek\u00f6y den kurye \u00e7a\u011f\u0131rabilirsiniz. Bu talebinizi zamana ba\u011fl\u0131 olmadan En iyi hizmeti verebilmek i\u00e7in en do\u011fru \u015fekilde \u00e7al\u0131\u015f\u0131yoruz.","robots":{"index":"index","follow":"follow","max-snippet":"max-snippet:-1","max-image-preview":"max-image-preview:large","max-video-preview":"max-video-preview:-1"},"canonical":"https:\/\/celebikurye.com\/tr\/istanbul-kurye-ilceleri\/cekmekoy-den-kurye-cagirabilirsiniz\/","og_locale":"tr_TR","og_type":"article","og_title":"\u00c7ekmek\u00f6y den kurye \u00e7a\u011f\u0131rabilirsiniz - \u00c7elebi Kurye - 0542 600 9876 - Zaman Kazand\u0131r\u0131r","og_description":"\u00c7ekmek\u00f6y den kurye \u00e7a\u011f\u0131rabilirsiniz. Bu talebinizi zamana ba\u011fl\u0131 olmadan En iyi hizmeti verebilmek i\u00e7in en do\u011fru \u015fekilde \u00e7al\u0131\u015f\u0131yoruz.","og_url":"https:\/\/celebikurye.com\/tr\/istanbul-kurye-ilceleri\/cekmekoy-den-kurye-cagirabilirsiniz\/","og_site_name":"\u00c7elebi Kurye - 0542 600 9876 - Zaman Kazand\u0131r\u0131r","article_published_time":"2022-08-05T16:45:10+00:00","article_modified_time":"2022-09-20T16:54:15+00:00","og_image":[{"width":800,"height":500,"url":"https:\/\/celebikurye.com\/tr\/wp-content\/uploads\/2022\/09\/cekmekoy_de-kurye-cagir.jpg","type":"image\/jpeg"}],"author":"epbilisim","twitter_card":"summary_large_image","twitter_misc":{"Yazan:":"epbilisim","Tahmini okuma s\u00fcresi":"3 dakika"},"schema":{"@context":"https:\/\/schema.org","@graph":[{"@type":"Article","@id":"https:\/\/celebikurye.com\/tr\/istanbul-kurye-ilceleri\/cekmekoy-den-kurye-cagirabilirsiniz\/#article","isPartOf":{"@id":"https:\/\/celebikurye.com\/tr\/istanbul-kurye-ilceleri\/cekmekoy-den-kurye-cagirabilirsiniz\/"},"author":{"name":"epbilisim","@id":"https:\/\/celebikurye.com\/tr\/#\/schema\/person\/6936cecf075d4229326ed978f353764d"},"headline":"\u00c7ekmek\u00f6y den kurye \u00e7a\u011f\u0131rabilirsiniz","datePublished":"2022-08-05T16:45:10+00:00","dateModified":"2022-09-20T16:54:15+00:00","mainEntityOfPage":{"@id":"https:\/\/celebikurye.com\/tr\/istanbul-kurye-ilceleri\/cekmekoy-den-kurye-cagirabilirsiniz\/"},"wordCount":451,"commentCount":0,"image":{"@id":"https:\/\/celebikurye.com\/tr\/istanbul-kurye-ilceleri\/cekmekoy-den-kurye-cagirabilirsiniz\/#primaryimage"},"thumbnailUrl":"https:\/\/celebikurye.com\/tr\/wp-content\/uploads\/2022\/09\/cekmekoy_de-kurye-cagir.jpg","keywords":["Alemda\u011f kurye","Ayd\u0131nlar kurye","Beykoz kurye","\u00c7aml\u0131k kurye","\u00c7atalme\u015fe kurye","Cumhuriyet kurye","Ek\u015fio\u011flu kurye","G\u00fcng\u00f6ren kurye","Hamidiye kurye","Kirazl\u0131 dere kurye","Mehmet Akif mahallesi kurye","Merkez kurye","Mimar Sinan mahallesi kurye","Ni\u015fantepe kurye","\u00d6merli kurye","Sancaktepe kurye","\u015eile kurye","So\u011fukp\u0131nar kurye","Sultan\u00e7iftli\u011fi\u00a0 kurye","Ta\u015fdelen kurye","\u00dcmraniye Kurye"],"articleSection":["\u0130l\u00e7eler"],"inLanguage":"tr","potentialAction":[{"@type":"CommentAction","name":"Comment","target":["https:\/\/celebikurye.com\/tr\/istanbul-kurye-ilceleri\/cekmekoy-den-kurye-cagirabilirsiniz\/#respond"]}]},{"@type":"WebPage","@id":"https:\/\/celebikurye.com\/tr\/istanbul-kurye-ilceleri\/cekmekoy-den-kurye-cagirabilirsiniz\/","url":"https:\/\/celebikurye.com\/tr\/istanbul-kurye-ilceleri\/cekmekoy-den-kurye-cagirabilirsiniz\/","name":"\u00c7ekmek\u00f6y den kurye \u00e7a\u011f\u0131rabilirsiniz - \u00c7elebi Kurye - 0542 600 9876 - Zaman Kazand\u0131r\u0131r","isPartOf":{"@id":"https:\/\/celebikurye.com\/tr\/#website"},"primaryImageOfPage":{"@id":"https:\/\/celebikurye.com\/tr\/istanbul-kurye-ilceleri\/cekmekoy-den-kurye-cagirabilirsiniz\/#primaryimage"},"image":{"@id":"https:\/\/celebikurye.com\/tr\/istanbul-kurye-ilceleri\/cekmekoy-den-kurye-cagirabilirsiniz\/#primaryimage"},"thumbnailUrl":"https:\/\/celebikurye.com\/tr\/wp-content\/uploads\/2022\/09\/cekmekoy_de-kurye-cagir.jpg","datePublished":"2022-08-05T16:45:10+00:00","dateModified":"2022-09-20T16:54:15+00:00","author":{"@id":"https:\/\/celebikurye.com\/tr\/#\/schema\/person\/6936cecf075d4229326ed978f353764d"},"description":"\u00c7ekmek\u00f6y den kurye \u00e7a\u011f\u0131rabilirsiniz. Bu talebinizi zamana ba\u011fl\u0131 olmadan En iyi hizmeti verebilmek i\u00e7in en do\u011fru \u015fekilde \u00e7al\u0131\u015f\u0131yoruz.","breadcrumb":{"@id":"https:\/\/celebikurye.com\/tr\/istanbul-kurye-ilceleri\/cekmekoy-den-kurye-cagirabilirsiniz\/#breadcrumb"},"inLanguage":"tr","potentialAction":[{"@type":"ReadAction","target":["https:\/\/celebikurye.com\/tr\/istanbul-kurye-ilceleri\/cekmekoy-den-kurye-cagirabilirsiniz\/"]}]},{"@type":"ImageObject","inLanguage":"tr","@id":"https:\/\/celebikurye.com\/tr\/istanbul-kurye-ilceleri\/cekmekoy-den-kurye-cagirabilirsiniz\/#primaryimage","url":"https:\/\/celebikurye.com\/tr\/wp-content\/uploads\/2022\/09\/cekmekoy_de-kurye-cagir.jpg","contentUrl":"https:\/\/celebikurye.com\/tr\/wp-content\/uploads\/2022\/09\/cekmekoy_de-kurye-cagir.jpg","width":800,"height":500},{"@type":"BreadcrumbList","@id":"https:\/\/celebikurye.com\/tr\/istanbul-kurye-ilceleri\/cekmekoy-den-kurye-cagirabilirsiniz\/#breadcrumb","itemListElement":[{"@type":"ListItem","position":1,"name":"Anasayfa","item":"https:\/\/celebikurye.com\/tr\/"},{"@type":"ListItem","position":2,"name":"\u00c7ekmek\u00f6y den kurye \u00e7a\u011f\u0131rabilirsiniz"}]},{"@type":"WebSite","@id":"https:\/\/celebikurye.com\/tr\/#website","url":"https:\/\/celebikurye.com\/tr\/","name":"\u00c7elebi Kurye - 0542 600 9876 - Zaman Kazand\u0131r\u0131r","description":"Zaman Kazand\u0131r\u0131r","potentialAction":[{"@type":"SearchAction","target":{"@type":"EntryPoint","urlTemplate":"https:\/\/celebikurye.com\/tr\/?s={search_term_string}"},"query-input":{"@type":"PropertyValueSpecification","valueRequired":true,"valueName":"search_term_string"}}],"inLanguage":"tr"},{"@type":"Person","@id":"https:\/\/celebikurye.com\/tr\/#\/schema\/person\/6936cecf075d4229326ed978f353764d","name":"epbilisim","image":{"@type":"ImageObject","inLanguage":"tr","@id":"https:\/\/secure.gravatar.com\/avatar\/6b53c25b9270d170ef20c514a1f15019195e26e66baa473d86f41e5d76890ae8?s=96&d=mm&r=g","url":"https:\/\/secure.gravatar.com\/avatar\/6b53c25b9270d170ef20c514a1f15019195e26e66baa473d86f41e5d76890ae8?s=96&d=mm&r=g","contentUrl":"https:\/\/secure.gravatar.com\/avatar\/6b53c25b9270d170ef20c514a1f15019195e26e66baa473d86f41e5d76890ae8?s=96&d=mm&r=g","caption":"epbilisim"},"sameAs":["https:\/\/celebikurye.com\/tr"],"url":"https:\/\/celebikurye.com\/tr\/author\/epbilisim\/"}]}},"_links":{"self":[{"href":"https:\/\/celebikurye.com\/tr\/wp-json\/wp\/v2\/posts\/2437","targetHints":{"allow":["GET"]}}],"collection":[{"href":"https:\/\/celebikurye.com\/tr\/wp-json\/wp\/v2\/posts"}],"about":[{"href":"https:\/\/celebikurye.com\/tr\/wp-json\/wp\/v2\/types\/post"}],"author":[{"embeddable":true,"href":"https:\/\/celebikurye.com\/tr\/wp-json\/wp\/v2\/users\/1"}],"replies":[{"embeddable":true,"href":"https:\/\/celebikurye.com\/tr\/wp-json\/wp\/v2\/comments?post=2437"}],"version-history":[{"count":1,"href":"https:\/\/celebikurye.com\/tr\/wp-json\/wp\/v2\/posts\/2437\/revisions"}],"predecessor-version":[{"id":2440,"href":"https:\/\/celebikurye.com\/tr\/wp-json\/wp\/v2\/posts\/2437\/revisions\/2440"}],"wp:featuredmedia":[{"embeddable":true,"href":"https:\/\/celebikurye.com\/tr\/wp-json\/wp\/v2\/media\/2438"}],"wp:attachment":[{"href":"https:\/\/celebikurye.com\/tr\/wp-json\/wp\/v2\/media?parent=2437"}],"wp:term":[{"taxonomy":"category","embeddable":true,"href":"https:\/\/celebikurye.com\/tr\/wp-json\/wp\/v2\/categories?post=2437"},{"taxonomy":"post_tag","embeddable":true,"href":"https:\/\/celebikurye.com\/tr\/wp-json\/wp\/v2\/tags?post=2437"}],"curies":[{"name":"wp","href":"https:\/\/api.w.org\/{rel}","templated":true}]}}