{"id":2432,"date":"2022-07-11T16:57:33","date_gmt":"2022-07-11T13:57:33","guid":{"rendered":"https:\/\/celebikurye.com\/tr\/?p=2432"},"modified":"2022-09-08T17:09:44","modified_gmt":"2022-09-08T14:09:44","slug":"beykoz-da-kurye","status":"publish","type":"post","link":"https:\/\/celebikurye.com\/tr\/istanbul-kurye-ilceleri\/beykoz-da-kurye\/","title":{"rendered":"Beykoz da Kurye"},"content":{"rendered":"<p>Beykoz da kurye, \u0130stanbul&#8217;un eski yerle\u015fim yeri olan bir il\u00e7esidir. Anadolu yakas\u0131n\u0131n bat\u0131s\u0131nda, bo\u011faz ve Karadeniz e k\u0131y\u0131s\u0131 olan bir b\u00f6lgedir. Cumhuriyetin ilk y\u0131llar\u0131ndan itibaren yap\u0131lan sanayi a\u011f\u0131rl\u0131kl\u0131 \u00e7al\u0131\u015fmalar\u0131n etkisiyle fabrikalar\u0131n \u00e7o\u011falmas\u0131 sonucu genelde i\u015f\u00e7i kesimin tercih etti\u011fi yerle\u015fim yeri olan Beykoz, son y\u0131llarda \u00fcst gelir seviyesi kesimden de talep g\u00f6rmektedir.<\/p>\n<p>Bat\u0131dan \u0130stanbul Bo\u011faz\u0131, do\u011fudan <a href=\"https:\/\/kuryeminteli.com\/bolgeler\/ilceler\/sile\/\" target=\"_blank\" rel=\"noopener\">\u015eile kurye<\/a> , kuzeyden Karadeniz ve g\u00fcneyden de \u00c7ekmek\u00f6y kurye, <a href=\"#\u00fcsk\u00fcdar_kurye_cagir\">\u00dcsk\u00fcdar kurye<\/a> ve <a href=\"https:\/\/celebikurye.com\/tr\/istanbul-kurye-ilceleri\/umraniye-de-kurye\/\">\u00dcmraniye kurye<\/a> il\u00e7eleri ile \u00e7evrelenmi\u015ftir. Denize k\u0131y\u0131s\u0131 oldu\u011fu i\u00e7in herhangi bir ge\u00e7i\u015f g\u00fczergah\u0131nda de\u011fildir. \u00d6zellikle Kuzey marmara otoyolu ile b\u00f6lgede bir hareketlilik te olmu\u015ftur.<\/p>\n<p>Denizden ba\u015flayarak y\u00fckselen engebeli arazisini <a href=\"#riva_kurye_cagir\">Riva kurye<\/a>, K\u00fc\u00e7\u00fcksu kurye ve G\u00f6ksu kurye dereleri ile b\u00f6l\u00fcnm\u00fc\u015ft\u00fcr. \u00d6zellikle \u0130l\u00e7e ve yak\u0131n \u00e7evresinde \u0131l\u0131man ve k\u0131smen ya\u011f\u0131\u015fl\u0131 iklim t\u00fcr\u00fc vard\u0131r. Sahil ve ormanl\u0131k alanlar\u0131 yaz mevsiminde s\u00fcrekli yerli turist almaktad\u0131r. \u00d6zellikle Yak\u0131n \u00e7evreden gelen insanlar\u0131n \u015fehirden gelmesi gereken ihtiya\u00e7lar\u0131 i\u00e7in kurye kullanmaktad\u0131rlar.<\/p>\n<h3><img decoding=\"async\" class=\"lazyload size-full wp-image-2434 alignleft\" src=\"https:\/\/celebikurye.com\/tr\/wp-content\/uploads\/2022\/09\/beykoz-kurye.jpg\" data-orig-src=\"https:\/\/celebikurye.com\/tr\/wp-content\/uploads\/2022\/09\/beykoz-kurye.jpg\" alt=\"\" width=\"400\" height=\"600\" srcset=\"data:image\/svg+xml,%3Csvg%20xmlns%3D%27http%3A%2F%2Fwww.w3.org%2F2000%2Fsvg%27%20width%3D%27400%27%20height%3D%27600%27%20viewBox%3D%270%200%20400%20600%27%3E%3Crect%20width%3D%27400%27%20height%3D%27600%27%20fill-opacity%3D%220%22%2F%3E%3C%2Fsvg%3E\" data-srcset=\"https:\/\/celebikurye.com\/tr\/wp-content\/uploads\/2022\/09\/beykoz-kurye-200x300.jpg 200w, https:\/\/celebikurye.com\/tr\/wp-content\/uploads\/2022\/09\/beykoz-kurye.jpg 400w\" data-sizes=\"auto\" data-orig-sizes=\"(max-width: 400px) 100vw, 400px\" \/>Gezmek i\u00e7in ideal yerler<\/h3>\n<p>Beykoz da kurye merkezindeki Abraham Pa\u015fa Korusu \u00e7e\u015fitli turistik tesislerle yeniden d\u00fczenlenmi\u015ftir. Kanl\u0131ca kurye Mihrabad Korusu Bo\u011faz manzaral\u0131 g\u00f6r\u00fcn\u00fcm\u00fcyle en g\u00f6zde mesire alanlar\u0131 aras\u0131nda yer almaktad\u0131r.<\/p>\n<p><a href=\"#anadoluhisar\u0131_kurye_ca\u011fir\">Anadolu Hisar\u0131 kurye<\/a> Beykoz kurye ve Yal\u0131 k\u00f6y kurye kadar bir\u00e7ok \u00f6zel m\u00fclk bulunmaktad\u0131r. B\u00f6lgedeki tarihi yal\u0131lar, Bo\u011faz g\u00f6r\u00fcn\u00fcm\u00fcne g\u00fczellik katmaktad\u0131r. \u00d6zellikle bu b\u00f6lgeden \u015eehrin her yerine s\u00fcrekli kurye kullan\u0131m\u0131 yap\u0131lmaktad\u0131r. Bireysel kullanan kurye ihtiyac\u0131 da bu b\u00f6lgede s\u0131k\u00e7a kullan\u0131lmaktad\u0131r.<\/p>\n<p><a href=\"#anadolukavagi_kurye_cagir\">Anadolu Kava\u011f\u0131 kurye,<\/a> Anadolu Feneri kurye, Poyraz K\u00f6y kurye, Riva kurye \u00f6nemli turistik yerlerdir. Cumhuriyet K\u00f6y\u00fc, De\u011firmen Dere kurye, Bozhane, G\u00f6ll\u00fc K\u00f6y\u00fc, Akbaba k\u00f6y\u00fc kurye yerel yerle\u015fim b\u00f6lgeleridir. Polonezk\u00f6y kurye en \u00e7ok ilgi \u00e7eken mesire alanlar\u0131d\u0131r.<\/p>\n<p>Akbaba K\u00f6y\u00fc\u2019nde bulunan Akbaba Sultan T\u00fcrbesi ve Mescidi, Anadolu Kava\u011f\u0131 Yu\u015f\u00e2 Tepesi\u2019ndeki <a href=\"#\">Yu\u015f\u00e2 T\u00fcrbesi<\/a>, Kanl\u0131ca&#8217;daki \u0130skender Pa\u015fa T\u00fcrbesi ve Camii, Dereseki K\u00f6y\u00fc\u2019ndeki K\u0131rklar Baba T\u00fcrbesi, Orta \u00c7e\u015fme\u2019deki Uzun Evliya T\u00fcrbesi \u00e7ok say\u0131da ziyaret\u00e7i \u00e7eken yerledir. T\u00fcrkiye\u2019de K\u00fclt\u00fcr ve Tabiat\u0131 Koruma Vakf\u0131\u2019n\u0131n belirledi\u011fi an\u0131tsal ve korunmaya de\u011fer a\u011fa\u00e7lar dan Kaymak Donduran da 200 ya\u015f\u0131ndaki Kestane A\u011fac\u0131, Beykoz \u00c7ay\u0131r\u0131\u2019ndaki 200 ya\u015f\u0131ndaki \u00c7\u0131nar A\u011fa\u00e7lar\u0131 \u00f6rnek verilebilir.<\/p>\n","protected":false},"excerpt":{"rendered":"<p>Cumhuriyetin ilk y\u0131llar\u0131ndan itibaren yap\u0131lan sanayi a\u011f\u0131rl\u0131kl\u0131 \u00e7al\u0131\u015fmalar\u0131n etkisiyle fabrikalar\u0131n \u00e7o\u011falmas\u0131 sonucu genelde i\u015f\u00e7i kesimin tercih etti\u011fi yerle\u015fim yeri olan Beykoz da kurye, son y\u0131llarda \u00fcst gelir seviyesi kesimden de talep g\u00f6rmektedir.<\/p>\n","protected":false},"author":1,"featured_media":2433,"comment_status":"open","ping_status":"open","sticky":false,"template":"","format":"standard","meta":{"footnotes":""},"categories":[9],"tags":[162,165,161,166,168,163,164,167,160],"class_list":["post-2432","post","type-post","status-publish","format-standard","has-post-thumbnail","hentry","category-istanbul-kurye-ilceleri","tag-anadolu-feneri-kurye","tag-anadolu-hisari-kurye","tag-anadolu-kavagi-kurye","tag-beykoz-kurye","tag-cekmekoy-kurye","tag-poyraz-koy-kurye","tag-riva-kurye","tag-sile-kurye","tag-umraniye-kurye"],"yoast_head":"<!-- This site is optimized with the Yoast SEO plugin v27.3 - https:\/\/yoast.com\/product\/yoast-seo-wordpress\/ -->\n<title>Beykoz da Kurye - \u00c7elebi Kurye - 0542 600 9876 - Zaman Kazand\u0131r\u0131r<\/title>\n<meta name=\"description\" content=\"1950 den sonra i\u015f\u00e7i kesimin tercih etti\u011fi yerle\u015fim yeri olan Beykoz da kurye, son y\u0131llarda \u00fcst gelir seviyesi kesimden de talep g\u00f6rmektedir.\" \/>\n<meta name=\"robots\" content=\"index, follow, max-snippet:-1, max-image-preview:large, max-video-preview:-1\" \/>\n<link rel=\"canonical\" href=\"https:\/\/celebikurye.com\/tr\/istanbul-kurye-ilceleri\/beykoz-da-kurye\/\" \/>\n<meta property=\"og:locale\" content=\"tr_TR\" \/>\n<meta property=\"og:type\" content=\"article\" \/>\n<meta property=\"og:title\" content=\"Beykoz da Kurye - \u00c7elebi Kurye - 0542 600 9876 - Zaman Kazand\u0131r\u0131r\" \/>\n<meta property=\"og:description\" content=\"1950 den sonra i\u015f\u00e7i kesimin tercih etti\u011fi yerle\u015fim yeri olan Beykoz da kurye, son y\u0131llarda \u00fcst gelir seviyesi kesimden de talep g\u00f6rmektedir.\" \/>\n<meta property=\"og:url\" content=\"https:\/\/celebikurye.com\/tr\/istanbul-kurye-ilceleri\/beykoz-da-kurye\/\" \/>\n<meta property=\"og:site_name\" content=\"\u00c7elebi Kurye - 0542 600 9876 - Zaman Kazand\u0131r\u0131r\" \/>\n<meta property=\"article:published_time\" content=\"2022-07-11T13:57:33+00:00\" \/>\n<meta property=\"article:modified_time\" content=\"2022-09-08T14:09:44+00:00\" \/>\n<meta property=\"og:image\" content=\"https:\/\/celebikurye.com\/tr\/wp-content\/uploads\/2022\/09\/beykoz-da-kurye-cagir.jpg\" \/>\n\t<meta property=\"og:image:width\" content=\"800\" \/>\n\t<meta property=\"og:image:height\" content=\"500\" \/>\n\t<meta property=\"og:image:type\" content=\"image\/jpeg\" \/>\n<meta name=\"author\" content=\"epbilisim\" \/>\n<meta name=\"twitter:card\" content=\"summary_large_image\" \/>\n<meta name=\"twitter:label1\" content=\"Yazan:\" \/>\n\t<meta name=\"twitter:data1\" content=\"epbilisim\" \/>\n\t<meta name=\"twitter:label2\" content=\"Tahmini okuma s\u00fcresi\" \/>\n\t<meta name=\"twitter:data2\" content=\"3 dakika\" \/>\n<script type=\"application\/ld+json\" class=\"yoast-schema-graph\">{\"@context\":\"https:\\\/\\\/schema.org\",\"@graph\":[{\"@type\":\"Article\",\"@id\":\"https:\\\/\\\/celebikurye.com\\\/tr\\\/istanbul-kurye-ilceleri\\\/beykoz-da-kurye\\\/#article\",\"isPartOf\":{\"@id\":\"https:\\\/\\\/celebikurye.com\\\/tr\\\/istanbul-kurye-ilceleri\\\/beykoz-da-kurye\\\/\"},\"author\":{\"name\":\"epbilisim\",\"@id\":\"https:\\\/\\\/celebikurye.com\\\/tr\\\/#\\\/schema\\\/person\\\/6936cecf075d4229326ed978f353764d\"},\"headline\":\"Beykoz da Kurye\",\"datePublished\":\"2022-07-11T13:57:33+00:00\",\"dateModified\":\"2022-09-08T14:09:44+00:00\",\"mainEntityOfPage\":{\"@id\":\"https:\\\/\\\/celebikurye.com\\\/tr\\\/istanbul-kurye-ilceleri\\\/beykoz-da-kurye\\\/\"},\"wordCount\":460,\"commentCount\":0,\"image\":{\"@id\":\"https:\\\/\\\/celebikurye.com\\\/tr\\\/istanbul-kurye-ilceleri\\\/beykoz-da-kurye\\\/#primaryimage\"},\"thumbnailUrl\":\"https:\\\/\\\/celebikurye.com\\\/tr\\\/wp-content\\\/uploads\\\/2022\\\/09\\\/beykoz-da-kurye-cagir.jpg\",\"keywords\":[\"Anadolu Feneri kurye\",\"Anadolu Hisar\u0131 kurye\",\"Anadolu Kava\u011f\u0131 kurye\",\"Beykoz kurye\",\"\u00c7ekmek\u00f6y kurye\",\"Poyraz K\u00f6y kurye\",\"Riva kurye\",\"\u015eile kurye\",\"\u00dcmraniye Kurye\"],\"articleSection\":[\"\u0130l\u00e7eler\"],\"inLanguage\":\"tr\",\"potentialAction\":[{\"@type\":\"CommentAction\",\"name\":\"Comment\",\"target\":[\"https:\\\/\\\/celebikurye.com\\\/tr\\\/istanbul-kurye-ilceleri\\\/beykoz-da-kurye\\\/#respond\"]}]},{\"@type\":\"WebPage\",\"@id\":\"https:\\\/\\\/celebikurye.com\\\/tr\\\/istanbul-kurye-ilceleri\\\/beykoz-da-kurye\\\/\",\"url\":\"https:\\\/\\\/celebikurye.com\\\/tr\\\/istanbul-kurye-ilceleri\\\/beykoz-da-kurye\\\/\",\"name\":\"Beykoz da Kurye - \u00c7elebi Kurye - 0542 600 9876 - Zaman Kazand\u0131r\u0131r\",\"isPartOf\":{\"@id\":\"https:\\\/\\\/celebikurye.com\\\/tr\\\/#website\"},\"primaryImageOfPage\":{\"@id\":\"https:\\\/\\\/celebikurye.com\\\/tr\\\/istanbul-kurye-ilceleri\\\/beykoz-da-kurye\\\/#primaryimage\"},\"image\":{\"@id\":\"https:\\\/\\\/celebikurye.com\\\/tr\\\/istanbul-kurye-ilceleri\\\/beykoz-da-kurye\\\/#primaryimage\"},\"thumbnailUrl\":\"https:\\\/\\\/celebikurye.com\\\/tr\\\/wp-content\\\/uploads\\\/2022\\\/09\\\/beykoz-da-kurye-cagir.jpg\",\"datePublished\":\"2022-07-11T13:57:33+00:00\",\"dateModified\":\"2022-09-08T14:09:44+00:00\",\"author\":{\"@id\":\"https:\\\/\\\/celebikurye.com\\\/tr\\\/#\\\/schema\\\/person\\\/6936cecf075d4229326ed978f353764d\"},\"description\":\"1950 den sonra i\u015f\u00e7i kesimin tercih etti\u011fi yerle\u015fim yeri olan Beykoz da kurye, son y\u0131llarda \u00fcst gelir seviyesi kesimden de talep g\u00f6rmektedir.\",\"breadcrumb\":{\"@id\":\"https:\\\/\\\/celebikurye.com\\\/tr\\\/istanbul-kurye-ilceleri\\\/beykoz-da-kurye\\\/#breadcrumb\"},\"inLanguage\":\"tr\",\"potentialAction\":[{\"@type\":\"ReadAction\",\"target\":[\"https:\\\/\\\/celebikurye.com\\\/tr\\\/istanbul-kurye-ilceleri\\\/beykoz-da-kurye\\\/\"]}]},{\"@type\":\"ImageObject\",\"inLanguage\":\"tr\",\"@id\":\"https:\\\/\\\/celebikurye.com\\\/tr\\\/istanbul-kurye-ilceleri\\\/beykoz-da-kurye\\\/#primaryimage\",\"url\":\"https:\\\/\\\/celebikurye.com\\\/tr\\\/wp-content\\\/uploads\\\/2022\\\/09\\\/beykoz-da-kurye-cagir.jpg\",\"contentUrl\":\"https:\\\/\\\/celebikurye.com\\\/tr\\\/wp-content\\\/uploads\\\/2022\\\/09\\\/beykoz-da-kurye-cagir.jpg\",\"width\":800,\"height\":500},{\"@type\":\"BreadcrumbList\",\"@id\":\"https:\\\/\\\/celebikurye.com\\\/tr\\\/istanbul-kurye-ilceleri\\\/beykoz-da-kurye\\\/#breadcrumb\",\"itemListElement\":[{\"@type\":\"ListItem\",\"position\":1,\"name\":\"Anasayfa\",\"item\":\"https:\\\/\\\/celebikurye.com\\\/tr\\\/\"},{\"@type\":\"ListItem\",\"position\":2,\"name\":\"Beykoz da Kurye\"}]},{\"@type\":\"WebSite\",\"@id\":\"https:\\\/\\\/celebikurye.com\\\/tr\\\/#website\",\"url\":\"https:\\\/\\\/celebikurye.com\\\/tr\\\/\",\"name\":\"\u00c7elebi Kurye - 0542 600 9876 - Zaman Kazand\u0131r\u0131r\",\"description\":\"Zaman Kazand\u0131r\u0131r\",\"potentialAction\":[{\"@type\":\"SearchAction\",\"target\":{\"@type\":\"EntryPoint\",\"urlTemplate\":\"https:\\\/\\\/celebikurye.com\\\/tr\\\/?s={search_term_string}\"},\"query-input\":{\"@type\":\"PropertyValueSpecification\",\"valueRequired\":true,\"valueName\":\"search_term_string\"}}],\"inLanguage\":\"tr\"},{\"@type\":\"Person\",\"@id\":\"https:\\\/\\\/celebikurye.com\\\/tr\\\/#\\\/schema\\\/person\\\/6936cecf075d4229326ed978f353764d\",\"name\":\"epbilisim\",\"image\":{\"@type\":\"ImageObject\",\"inLanguage\":\"tr\",\"@id\":\"https:\\\/\\\/secure.gravatar.com\\\/avatar\\\/6b53c25b9270d170ef20c514a1f15019195e26e66baa473d86f41e5d76890ae8?s=96&d=mm&r=g\",\"url\":\"https:\\\/\\\/secure.gravatar.com\\\/avatar\\\/6b53c25b9270d170ef20c514a1f15019195e26e66baa473d86f41e5d76890ae8?s=96&d=mm&r=g\",\"contentUrl\":\"https:\\\/\\\/secure.gravatar.com\\\/avatar\\\/6b53c25b9270d170ef20c514a1f15019195e26e66baa473d86f41e5d76890ae8?s=96&d=mm&r=g\",\"caption\":\"epbilisim\"},\"sameAs\":[\"https:\\\/\\\/celebikurye.com\\\/tr\"],\"url\":\"https:\\\/\\\/celebikurye.com\\\/tr\\\/author\\\/epbilisim\\\/\"}]}<\/script>\n<!-- \/ Yoast SEO plugin. -->","yoast_head_json":{"title":"Beykoz da Kurye - \u00c7elebi Kurye - 0542 600 9876 - Zaman Kazand\u0131r\u0131r","description":"1950 den sonra i\u015f\u00e7i kesimin tercih etti\u011fi yerle\u015fim yeri olan Beykoz da kurye, son y\u0131llarda \u00fcst gelir seviyesi kesimden de talep g\u00f6rmektedir.","robots":{"index":"index","follow":"follow","max-snippet":"max-snippet:-1","max-image-preview":"max-image-preview:large","max-video-preview":"max-video-preview:-1"},"canonical":"https:\/\/celebikurye.com\/tr\/istanbul-kurye-ilceleri\/beykoz-da-kurye\/","og_locale":"tr_TR","og_type":"article","og_title":"Beykoz da Kurye - \u00c7elebi Kurye - 0542 600 9876 - Zaman Kazand\u0131r\u0131r","og_description":"1950 den sonra i\u015f\u00e7i kesimin tercih etti\u011fi yerle\u015fim yeri olan Beykoz da kurye, son y\u0131llarda \u00fcst gelir seviyesi kesimden de talep g\u00f6rmektedir.","og_url":"https:\/\/celebikurye.com\/tr\/istanbul-kurye-ilceleri\/beykoz-da-kurye\/","og_site_name":"\u00c7elebi Kurye - 0542 600 9876 - Zaman Kazand\u0131r\u0131r","article_published_time":"2022-07-11T13:57:33+00:00","article_modified_time":"2022-09-08T14:09:44+00:00","og_image":[{"width":800,"height":500,"url":"https:\/\/celebikurye.com\/tr\/wp-content\/uploads\/2022\/09\/beykoz-da-kurye-cagir.jpg","type":"image\/jpeg"}],"author":"epbilisim","twitter_card":"summary_large_image","twitter_misc":{"Yazan:":"epbilisim","Tahmini okuma s\u00fcresi":"3 dakika"},"schema":{"@context":"https:\/\/schema.org","@graph":[{"@type":"Article","@id":"https:\/\/celebikurye.com\/tr\/istanbul-kurye-ilceleri\/beykoz-da-kurye\/#article","isPartOf":{"@id":"https:\/\/celebikurye.com\/tr\/istanbul-kurye-ilceleri\/beykoz-da-kurye\/"},"author":{"name":"epbilisim","@id":"https:\/\/celebikurye.com\/tr\/#\/schema\/person\/6936cecf075d4229326ed978f353764d"},"headline":"Beykoz da Kurye","datePublished":"2022-07-11T13:57:33+00:00","dateModified":"2022-09-08T14:09:44+00:00","mainEntityOfPage":{"@id":"https:\/\/celebikurye.com\/tr\/istanbul-kurye-ilceleri\/beykoz-da-kurye\/"},"wordCount":460,"commentCount":0,"image":{"@id":"https:\/\/celebikurye.com\/tr\/istanbul-kurye-ilceleri\/beykoz-da-kurye\/#primaryimage"},"thumbnailUrl":"https:\/\/celebikurye.com\/tr\/wp-content\/uploads\/2022\/09\/beykoz-da-kurye-cagir.jpg","keywords":["Anadolu Feneri kurye","Anadolu Hisar\u0131 kurye","Anadolu Kava\u011f\u0131 kurye","Beykoz kurye","\u00c7ekmek\u00f6y kurye","Poyraz K\u00f6y kurye","Riva kurye","\u015eile kurye","\u00dcmraniye Kurye"],"articleSection":["\u0130l\u00e7eler"],"inLanguage":"tr","potentialAction":[{"@type":"CommentAction","name":"Comment","target":["https:\/\/celebikurye.com\/tr\/istanbul-kurye-ilceleri\/beykoz-da-kurye\/#respond"]}]},{"@type":"WebPage","@id":"https:\/\/celebikurye.com\/tr\/istanbul-kurye-ilceleri\/beykoz-da-kurye\/","url":"https:\/\/celebikurye.com\/tr\/istanbul-kurye-ilceleri\/beykoz-da-kurye\/","name":"Beykoz da Kurye - \u00c7elebi Kurye - 0542 600 9876 - Zaman Kazand\u0131r\u0131r","isPartOf":{"@id":"https:\/\/celebikurye.com\/tr\/#website"},"primaryImageOfPage":{"@id":"https:\/\/celebikurye.com\/tr\/istanbul-kurye-ilceleri\/beykoz-da-kurye\/#primaryimage"},"image":{"@id":"https:\/\/celebikurye.com\/tr\/istanbul-kurye-ilceleri\/beykoz-da-kurye\/#primaryimage"},"thumbnailUrl":"https:\/\/celebikurye.com\/tr\/wp-content\/uploads\/2022\/09\/beykoz-da-kurye-cagir.jpg","datePublished":"2022-07-11T13:57:33+00:00","dateModified":"2022-09-08T14:09:44+00:00","author":{"@id":"https:\/\/celebikurye.com\/tr\/#\/schema\/person\/6936cecf075d4229326ed978f353764d"},"description":"1950 den sonra i\u015f\u00e7i kesimin tercih etti\u011fi yerle\u015fim yeri olan Beykoz da kurye, son y\u0131llarda \u00fcst gelir seviyesi kesimden de talep g\u00f6rmektedir.","breadcrumb":{"@id":"https:\/\/celebikurye.com\/tr\/istanbul-kurye-ilceleri\/beykoz-da-kurye\/#breadcrumb"},"inLanguage":"tr","potentialAction":[{"@type":"ReadAction","target":["https:\/\/celebikurye.com\/tr\/istanbul-kurye-ilceleri\/beykoz-da-kurye\/"]}]},{"@type":"ImageObject","inLanguage":"tr","@id":"https:\/\/celebikurye.com\/tr\/istanbul-kurye-ilceleri\/beykoz-da-kurye\/#primaryimage","url":"https:\/\/celebikurye.com\/tr\/wp-content\/uploads\/2022\/09\/beykoz-da-kurye-cagir.jpg","contentUrl":"https:\/\/celebikurye.com\/tr\/wp-content\/uploads\/2022\/09\/beykoz-da-kurye-cagir.jpg","width":800,"height":500},{"@type":"BreadcrumbList","@id":"https:\/\/celebikurye.com\/tr\/istanbul-kurye-ilceleri\/beykoz-da-kurye\/#breadcrumb","itemListElement":[{"@type":"ListItem","position":1,"name":"Anasayfa","item":"https:\/\/celebikurye.com\/tr\/"},{"@type":"ListItem","position":2,"name":"Beykoz da Kurye"}]},{"@type":"WebSite","@id":"https:\/\/celebikurye.com\/tr\/#website","url":"https:\/\/celebikurye.com\/tr\/","name":"\u00c7elebi Kurye - 0542 600 9876 - Zaman Kazand\u0131r\u0131r","description":"Zaman Kazand\u0131r\u0131r","potentialAction":[{"@type":"SearchAction","target":{"@type":"EntryPoint","urlTemplate":"https:\/\/celebikurye.com\/tr\/?s={search_term_string}"},"query-input":{"@type":"PropertyValueSpecification","valueRequired":true,"valueName":"search_term_string"}}],"inLanguage":"tr"},{"@type":"Person","@id":"https:\/\/celebikurye.com\/tr\/#\/schema\/person\/6936cecf075d4229326ed978f353764d","name":"epbilisim","image":{"@type":"ImageObject","inLanguage":"tr","@id":"https:\/\/secure.gravatar.com\/avatar\/6b53c25b9270d170ef20c514a1f15019195e26e66baa473d86f41e5d76890ae8?s=96&d=mm&r=g","url":"https:\/\/secure.gravatar.com\/avatar\/6b53c25b9270d170ef20c514a1f15019195e26e66baa473d86f41e5d76890ae8?s=96&d=mm&r=g","contentUrl":"https:\/\/secure.gravatar.com\/avatar\/6b53c25b9270d170ef20c514a1f15019195e26e66baa473d86f41e5d76890ae8?s=96&d=mm&r=g","caption":"epbilisim"},"sameAs":["https:\/\/celebikurye.com\/tr"],"url":"https:\/\/celebikurye.com\/tr\/author\/epbilisim\/"}]}},"_links":{"self":[{"href":"https:\/\/celebikurye.com\/tr\/wp-json\/wp\/v2\/posts\/2432","targetHints":{"allow":["GET"]}}],"collection":[{"href":"https:\/\/celebikurye.com\/tr\/wp-json\/wp\/v2\/posts"}],"about":[{"href":"https:\/\/celebikurye.com\/tr\/wp-json\/wp\/v2\/types\/post"}],"author":[{"embeddable":true,"href":"https:\/\/celebikurye.com\/tr\/wp-json\/wp\/v2\/users\/1"}],"replies":[{"embeddable":true,"href":"https:\/\/celebikurye.com\/tr\/wp-json\/wp\/v2\/comments?post=2432"}],"version-history":[{"count":1,"href":"https:\/\/celebikurye.com\/tr\/wp-json\/wp\/v2\/posts\/2432\/revisions"}],"predecessor-version":[{"id":2435,"href":"https:\/\/celebikurye.com\/tr\/wp-json\/wp\/v2\/posts\/2432\/revisions\/2435"}],"wp:featuredmedia":[{"embeddable":true,"href":"https:\/\/celebikurye.com\/tr\/wp-json\/wp\/v2\/media\/2433"}],"wp:attachment":[{"href":"https:\/\/celebikurye.com\/tr\/wp-json\/wp\/v2\/media?parent=2432"}],"wp:term":[{"taxonomy":"category","embeddable":true,"href":"https:\/\/celebikurye.com\/tr\/wp-json\/wp\/v2\/categories?post=2432"},{"taxonomy":"post_tag","embeddable":true,"href":"https:\/\/celebikurye.com\/tr\/wp-json\/wp\/v2\/tags?post=2432"}],"curies":[{"name":"wp","href":"https:\/\/api.w.org\/{rel}","templated":true}]}}