{"id":2427,"date":"2022-07-01T13:00:21","date_gmt":"2022-07-01T10:00:21","guid":{"rendered":"https:\/\/celebikurye.com\/tr\/?p=2427"},"modified":"2022-09-01T13:06:19","modified_gmt":"2022-09-01T10:06:19","slug":"gungoren-de-kurye","status":"publish","type":"post","link":"https:\/\/celebikurye.com\/tr\/istanbul-kurye-ilceleri\/gungoren-de-kurye\/","title":{"rendered":"G\u00fcng\u00f6ren de Kurye"},"content":{"rendered":"<p>G\u00fcng\u00f6ren de kurye , \u0130stanbul&#8217; un en k\u00fc\u00e7\u00fck il\u00e7esidir. Y\u00fcz \u00f6l\u00e7\u00fcm\u00fcne g\u00f6re n\u00fcfus yo\u011fundur. \u0130stanbul&#8217; un Avrupa yakas\u0131nda \u00c7atalca Yar\u0131madas\u0131&#8217;nda yer al\u0131r; T\u00fcrkiye\u2018nin 7 km kare alan\u0131 ile y\u00fcz\u00f6l\u00e7\u00fcm\u00fc bak\u0131m\u0131ndan en k\u00fc\u00e7\u00fck il\u00e7esidir. 11 mahalleden olu\u015fan il\u00e7eye ba\u011fl\u0131 k\u0131rsal yerle\u015fme yoktur.<\/p>\n<p>G\u00fcng\u00f6ren il\u00e7esi, 3 Haziran 1992&#8217;de y\u00fcr\u00fcrl\u00fc\u011fe giren 3806 say\u0131l\u0131 yasayla kurulmu\u015ftur. 11 mahalleden olu\u015fmaktad\u0131r. Bu mahalleler, Abdurrahman Nafiz G\u00fcrman mahallesi, Ak\u0131nc\u0131lar mahallesi , Gen\u00e7osman mahallesi , G\u00fcne\u015f tepe mahallesi , Merkez mahallesi , G\u00fcven mahallesi , Haznedar mahallesi , Mare\u015fal \u00c7akmak mahallesi , Mehmet Nezihi \u00d6zmen mahallesi , Sanayi mahallesi ve Tozkoparan mahalleleridir.<\/p>\n<p>\u0130l\u00e7enin en bilenen mahalleleri Haznedar mahallesi ve Tozkoparan mahallesidir. Yerle\u015fim a\u011f\u0131rl\u0131kl\u0131 n\u00fcfusu olan b\u00f6lgede kurye kullan\u0131m\u0131 bireysel a\u011f\u0131rl\u0131kl\u0131d\u0131r. bu b\u00f6lgelerden g\u00fcn\u00fcn her saati kurye g\u00f6nderimi yap\u0131labilmektedir. mesai d\u0131\u015f\u0131nda eczane kurye i\u015fi de ayn\u0131 b\u00f6lgelerden \u00e7\u0131kmaktad\u0131r.<\/p>\n<h3><img decoding=\"async\" class=\"lazyload size-full wp-image-2428 alignleft\" src=\"https:\/\/celebikurye.com\/tr\/wp-content\/uploads\/2022\/09\/gungoren-kurye-cagir.jpg\" data-orig-src=\"https:\/\/celebikurye.com\/tr\/wp-content\/uploads\/2022\/09\/gungoren-kurye-cagir.jpg\" alt=\"\" width=\"400\" height=\"600\" srcset=\"data:image\/svg+xml,%3Csvg%20xmlns%3D%27http%3A%2F%2Fwww.w3.org%2F2000%2Fsvg%27%20width%3D%27400%27%20height%3D%27600%27%20viewBox%3D%270%200%20400%20600%27%3E%3Crect%20width%3D%27400%27%20height%3D%27600%27%20fill-opacity%3D%220%22%2F%3E%3C%2Fsvg%3E\" data-srcset=\"https:\/\/celebikurye.com\/tr\/wp-content\/uploads\/2022\/09\/gungoren-kurye-cagir-200x300.jpg 200w, https:\/\/celebikurye.com\/tr\/wp-content\/uploads\/2022\/09\/gungoren-kurye-cagir.jpg 400w\" data-sizes=\"auto\" data-orig-sizes=\"(max-width: 400px) 100vw, 400px\" \/>\u015eehrin en k\u00fc\u00e7\u00fck il\u00e7esi<\/h3>\n<p>Ge\u00e7i\u015f noktalar\u0131 \u00fczerinde olmas\u0131 y\u00fcz\u00fcnden \u00e7ok kalabal\u0131kt\u0131r. Dikey mimari ve daralan sokaklar ula\u015f\u0131m\u0131 zorla\u015ft\u0131rmaktad\u0131r. \u00d6zellikle ana caddeler \u00fczerinde park eden ara\u00e7lar trafi\u011fi \u00e7ok zorla\u015ft\u0131rmaktad\u0131r. B\u00f6yle olunca motosikletli kuryelere \u00e7ok i\u015f d\u00fc\u015fmektedir.<br \/>\n3 Haziran 1992&#8217;de il\u00e7e olan G\u00fcng\u00f6ren kurye, do\u011fuda <a href=\"https:\/\/celebikurye.com\/tr\/istanbul-kurye-ilceleri\/zeytinburnunda-kurye\/\">Zeytinburnu kurye<\/a>, Esenler kurye g\u00fcneyde Bak\u0131rk\u00f6y kurye, bat\u0131da <a href=\"https:\/\/kuryeminteli.com\/bolgeler\/ilceler\/bahcelievlerde-kurye-cagirma\/\" target=\"_blank\" rel=\"noopener\">Bah\u00e7elievler kurye<\/a> il\u00e7elerine kom\u015fudur. Etraf\u0131nda bulunan kom\u015fu il\u00e7elerde daha fazla sanayile\u015fme bulunmaktad\u0131r. G\u00fcng\u00f6ren de ev tipi ofislerden olu\u015fan ticarethaneler bulunmaktad\u0131r. doktor muayene haneleri rapor ve \u00fcr\u00fcn tedariki i\u00e7in kurye kullanmaktad\u0131rlar.<\/p>\n<p>B\u00f6lgede bulunan hukuk ofisleri ise adliyelere kurye g\u00f6nderimi yapabilmektedir. Adliye ye giden g\u00f6nderiler genellikle ekspres kurye olarak kay\u0131t alt\u0131na al\u0131nmaktad\u0131r. \u015eehrin b\u00fct\u00fcn adliyelerine buradan g\u00f6nderim yap\u0131labilmektedir. \u00c7a\u011flayan adliyesi ve Kartal Anadolu adliyesi ba\u015fta gelmektedir.<\/p>\n<p>Mali m\u00fc\u015favirlerin de bolca bulundu\u011fu b\u00f6lgeden \u015fehrin farkl\u0131 vergi dairelerine g\u00f6nderim yap\u0131labilmektedir. G\u00fcne\u015fli ve Beylikd\u00fcz\u00fc vergi daireleri bunlardan baz\u0131lar\u0131d\u0131r.<br \/>\nMecidiye k\u00f6yde bulunan ta\u015f\u0131tlar ve b\u00fcy\u00fck m\u00fckellefler vergi daireleri de di\u011fer \u00f6rnek yerlerdir. Ayr\u0131ca b\u00f6lgede bulunan perakende sat\u0131\u015f ma\u011fazalar\u0131 Emin\u00f6n\u00fc ve isto\u00e7 b\u00f6lgelerine numune i\u00e7in kurye g\u00f6nderimi yapt\u0131rmaktad\u0131rlar.<\/p>\n<p>\u0130stanbul un di\u011fer il\u00e7elerinden de G\u00fcng\u00f6ren de kurye ve mahallelerine g\u00f6nderim gelmektedir. Online ticaret ten al\u0131nan \u00fcr\u00fcnlerin teslimatlar\u0131 da b\u00f6lgeye motosikletli kuryeler taraf\u0131ndan yap\u0131lmaktad\u0131r.<\/p>\n","protected":false},"excerpt":{"rendered":"<p>G\u00fcng\u00f6ren kurye, do\u011fuda Zeytinburnu kurye, Esenler kurye g\u00fcneyde Bak\u0131rk\u00f6y kurye, bat\u0131da Bah\u00e7elievler kurye il\u00e7elerine kom\u015fudur. Etraf\u0131nda bulunan kom\u015fu il\u00e7elerde daha fazla sanayile\u015fme bulunmaktad\u0131r.<\/p>\n","protected":false},"author":1,"featured_media":2429,"comment_status":"open","ping_status":"open","sticky":false,"template":"","format":"standard","meta":{"footnotes":""},"categories":[9],"tags":[],"class_list":["post-2427","post","type-post","status-publish","format-standard","has-post-thumbnail","hentry","category-istanbul-kurye-ilceleri"],"yoast_head":"<!-- This site is optimized with the Yoast SEO plugin v27.3 - https:\/\/yoast.com\/product\/yoast-seo-wordpress\/ -->\n<title>G\u00fcng\u00f6ren de Kurye - \u00c7elebi Kurye - 0542 600 9876 - Zaman Kazand\u0131r\u0131r<\/title>\n<meta name=\"description\" content=\"G\u00fcng\u00f6ren kurye, do\u011fuda Zeytinburnu kurye, Esenler kurye g\u00fcneyde Bak\u0131rk\u00f6y kurye, bat\u0131da Bah\u00e7elievler kurye il\u00e7elerine kom\u015fudur. Etraf\u0131nda bulunan kom\u015fu il\u00e7elerde daha fazla sanayile\u015fme bulunmaktad\u0131r.\" \/>\n<meta name=\"robots\" content=\"index, follow, max-snippet:-1, max-image-preview:large, max-video-preview:-1\" \/>\n<link rel=\"canonical\" href=\"https:\/\/celebikurye.com\/tr\/istanbul-kurye-ilceleri\/gungoren-de-kurye\/\" \/>\n<meta property=\"og:locale\" content=\"tr_TR\" \/>\n<meta property=\"og:type\" content=\"article\" \/>\n<meta property=\"og:title\" content=\"G\u00fcng\u00f6ren de Kurye - \u00c7elebi Kurye - 0542 600 9876 - Zaman Kazand\u0131r\u0131r\" \/>\n<meta property=\"og:description\" content=\"G\u00fcng\u00f6ren kurye, do\u011fuda Zeytinburnu kurye, Esenler kurye g\u00fcneyde Bak\u0131rk\u00f6y kurye, bat\u0131da Bah\u00e7elievler kurye il\u00e7elerine kom\u015fudur. Etraf\u0131nda bulunan kom\u015fu il\u00e7elerde daha fazla sanayile\u015fme bulunmaktad\u0131r.\" \/>\n<meta property=\"og:url\" content=\"https:\/\/celebikurye.com\/tr\/istanbul-kurye-ilceleri\/gungoren-de-kurye\/\" \/>\n<meta property=\"og:site_name\" content=\"\u00c7elebi Kurye - 0542 600 9876 - Zaman Kazand\u0131r\u0131r\" \/>\n<meta property=\"article:published_time\" content=\"2022-07-01T10:00:21+00:00\" \/>\n<meta property=\"article:modified_time\" content=\"2022-09-01T10:06:19+00:00\" \/>\n<meta property=\"og:image\" content=\"https:\/\/celebikurye.com\/tr\/wp-content\/uploads\/2022\/09\/gungoren-de-kurye-cagir.jpg\" \/>\n\t<meta property=\"og:image:width\" content=\"800\" \/>\n\t<meta property=\"og:image:height\" content=\"500\" \/>\n\t<meta property=\"og:image:type\" content=\"image\/jpeg\" \/>\n<meta name=\"author\" content=\"epbilisim\" \/>\n<meta name=\"twitter:card\" content=\"summary_large_image\" \/>\n<meta name=\"twitter:label1\" content=\"Yazan:\" \/>\n\t<meta name=\"twitter:data1\" content=\"epbilisim\" \/>\n\t<meta name=\"twitter:label2\" content=\"Tahmini okuma s\u00fcresi\" \/>\n\t<meta name=\"twitter:data2\" content=\"3 dakika\" \/>\n<script type=\"application\/ld+json\" class=\"yoast-schema-graph\">{\"@context\":\"https:\\\/\\\/schema.org\",\"@graph\":[{\"@type\":\"Article\",\"@id\":\"https:\\\/\\\/celebikurye.com\\\/tr\\\/istanbul-kurye-ilceleri\\\/gungoren-de-kurye\\\/#article\",\"isPartOf\":{\"@id\":\"https:\\\/\\\/celebikurye.com\\\/tr\\\/istanbul-kurye-ilceleri\\\/gungoren-de-kurye\\\/\"},\"author\":{\"name\":\"epbilisim\",\"@id\":\"https:\\\/\\\/celebikurye.com\\\/tr\\\/#\\\/schema\\\/person\\\/6936cecf075d4229326ed978f353764d\"},\"headline\":\"G\u00fcng\u00f6ren de Kurye\",\"datePublished\":\"2022-07-01T10:00:21+00:00\",\"dateModified\":\"2022-09-01T10:06:19+00:00\",\"mainEntityOfPage\":{\"@id\":\"https:\\\/\\\/celebikurye.com\\\/tr\\\/istanbul-kurye-ilceleri\\\/gungoren-de-kurye\\\/\"},\"wordCount\":461,\"commentCount\":0,\"image\":{\"@id\":\"https:\\\/\\\/celebikurye.com\\\/tr\\\/istanbul-kurye-ilceleri\\\/gungoren-de-kurye\\\/#primaryimage\"},\"thumbnailUrl\":\"https:\\\/\\\/celebikurye.com\\\/tr\\\/wp-content\\\/uploads\\\/2022\\\/09\\\/gungoren-de-kurye-cagir.jpg\",\"articleSection\":[\"\u0130l\u00e7eler\"],\"inLanguage\":\"tr\",\"potentialAction\":[{\"@type\":\"CommentAction\",\"name\":\"Comment\",\"target\":[\"https:\\\/\\\/celebikurye.com\\\/tr\\\/istanbul-kurye-ilceleri\\\/gungoren-de-kurye\\\/#respond\"]}]},{\"@type\":\"WebPage\",\"@id\":\"https:\\\/\\\/celebikurye.com\\\/tr\\\/istanbul-kurye-ilceleri\\\/gungoren-de-kurye\\\/\",\"url\":\"https:\\\/\\\/celebikurye.com\\\/tr\\\/istanbul-kurye-ilceleri\\\/gungoren-de-kurye\\\/\",\"name\":\"G\u00fcng\u00f6ren de Kurye - \u00c7elebi Kurye - 0542 600 9876 - Zaman Kazand\u0131r\u0131r\",\"isPartOf\":{\"@id\":\"https:\\\/\\\/celebikurye.com\\\/tr\\\/#website\"},\"primaryImageOfPage\":{\"@id\":\"https:\\\/\\\/celebikurye.com\\\/tr\\\/istanbul-kurye-ilceleri\\\/gungoren-de-kurye\\\/#primaryimage\"},\"image\":{\"@id\":\"https:\\\/\\\/celebikurye.com\\\/tr\\\/istanbul-kurye-ilceleri\\\/gungoren-de-kurye\\\/#primaryimage\"},\"thumbnailUrl\":\"https:\\\/\\\/celebikurye.com\\\/tr\\\/wp-content\\\/uploads\\\/2022\\\/09\\\/gungoren-de-kurye-cagir.jpg\",\"datePublished\":\"2022-07-01T10:00:21+00:00\",\"dateModified\":\"2022-09-01T10:06:19+00:00\",\"author\":{\"@id\":\"https:\\\/\\\/celebikurye.com\\\/tr\\\/#\\\/schema\\\/person\\\/6936cecf075d4229326ed978f353764d\"},\"description\":\"G\u00fcng\u00f6ren kurye, do\u011fuda Zeytinburnu kurye, Esenler kurye g\u00fcneyde Bak\u0131rk\u00f6y kurye, bat\u0131da Bah\u00e7elievler kurye il\u00e7elerine kom\u015fudur. Etraf\u0131nda bulunan kom\u015fu il\u00e7elerde daha fazla sanayile\u015fme bulunmaktad\u0131r.\",\"breadcrumb\":{\"@id\":\"https:\\\/\\\/celebikurye.com\\\/tr\\\/istanbul-kurye-ilceleri\\\/gungoren-de-kurye\\\/#breadcrumb\"},\"inLanguage\":\"tr\",\"potentialAction\":[{\"@type\":\"ReadAction\",\"target\":[\"https:\\\/\\\/celebikurye.com\\\/tr\\\/istanbul-kurye-ilceleri\\\/gungoren-de-kurye\\\/\"]}]},{\"@type\":\"ImageObject\",\"inLanguage\":\"tr\",\"@id\":\"https:\\\/\\\/celebikurye.com\\\/tr\\\/istanbul-kurye-ilceleri\\\/gungoren-de-kurye\\\/#primaryimage\",\"url\":\"https:\\\/\\\/celebikurye.com\\\/tr\\\/wp-content\\\/uploads\\\/2022\\\/09\\\/gungoren-de-kurye-cagir.jpg\",\"contentUrl\":\"https:\\\/\\\/celebikurye.com\\\/tr\\\/wp-content\\\/uploads\\\/2022\\\/09\\\/gungoren-de-kurye-cagir.jpg\",\"width\":800,\"height\":500},{\"@type\":\"BreadcrumbList\",\"@id\":\"https:\\\/\\\/celebikurye.com\\\/tr\\\/istanbul-kurye-ilceleri\\\/gungoren-de-kurye\\\/#breadcrumb\",\"itemListElement\":[{\"@type\":\"ListItem\",\"position\":1,\"name\":\"Anasayfa\",\"item\":\"https:\\\/\\\/celebikurye.com\\\/tr\\\/\"},{\"@type\":\"ListItem\",\"position\":2,\"name\":\"G\u00fcng\u00f6ren de Kurye\"}]},{\"@type\":\"WebSite\",\"@id\":\"https:\\\/\\\/celebikurye.com\\\/tr\\\/#website\",\"url\":\"https:\\\/\\\/celebikurye.com\\\/tr\\\/\",\"name\":\"\u00c7elebi Kurye - 0542 600 9876 - Zaman Kazand\u0131r\u0131r\",\"description\":\"Zaman Kazand\u0131r\u0131r\",\"potentialAction\":[{\"@type\":\"SearchAction\",\"target\":{\"@type\":\"EntryPoint\",\"urlTemplate\":\"https:\\\/\\\/celebikurye.com\\\/tr\\\/?s={search_term_string}\"},\"query-input\":{\"@type\":\"PropertyValueSpecification\",\"valueRequired\":true,\"valueName\":\"search_term_string\"}}],\"inLanguage\":\"tr\"},{\"@type\":\"Person\",\"@id\":\"https:\\\/\\\/celebikurye.com\\\/tr\\\/#\\\/schema\\\/person\\\/6936cecf075d4229326ed978f353764d\",\"name\":\"epbilisim\",\"image\":{\"@type\":\"ImageObject\",\"inLanguage\":\"tr\",\"@id\":\"https:\\\/\\\/secure.gravatar.com\\\/avatar\\\/6b53c25b9270d170ef20c514a1f15019195e26e66baa473d86f41e5d76890ae8?s=96&d=mm&r=g\",\"url\":\"https:\\\/\\\/secure.gravatar.com\\\/avatar\\\/6b53c25b9270d170ef20c514a1f15019195e26e66baa473d86f41e5d76890ae8?s=96&d=mm&r=g\",\"contentUrl\":\"https:\\\/\\\/secure.gravatar.com\\\/avatar\\\/6b53c25b9270d170ef20c514a1f15019195e26e66baa473d86f41e5d76890ae8?s=96&d=mm&r=g\",\"caption\":\"epbilisim\"},\"sameAs\":[\"https:\\\/\\\/celebikurye.com\\\/tr\"],\"url\":\"https:\\\/\\\/celebikurye.com\\\/tr\\\/author\\\/epbilisim\\\/\"}]}<\/script>\n<!-- \/ Yoast SEO plugin. -->","yoast_head_json":{"title":"G\u00fcng\u00f6ren de Kurye - \u00c7elebi Kurye - 0542 600 9876 - Zaman Kazand\u0131r\u0131r","description":"G\u00fcng\u00f6ren kurye, do\u011fuda Zeytinburnu kurye, Esenler kurye g\u00fcneyde Bak\u0131rk\u00f6y kurye, bat\u0131da Bah\u00e7elievler kurye il\u00e7elerine kom\u015fudur. Etraf\u0131nda bulunan kom\u015fu il\u00e7elerde daha fazla sanayile\u015fme bulunmaktad\u0131r.","robots":{"index":"index","follow":"follow","max-snippet":"max-snippet:-1","max-image-preview":"max-image-preview:large","max-video-preview":"max-video-preview:-1"},"canonical":"https:\/\/celebikurye.com\/tr\/istanbul-kurye-ilceleri\/gungoren-de-kurye\/","og_locale":"tr_TR","og_type":"article","og_title":"G\u00fcng\u00f6ren de Kurye - \u00c7elebi Kurye - 0542 600 9876 - Zaman Kazand\u0131r\u0131r","og_description":"G\u00fcng\u00f6ren kurye, do\u011fuda Zeytinburnu kurye, Esenler kurye g\u00fcneyde Bak\u0131rk\u00f6y kurye, bat\u0131da Bah\u00e7elievler kurye il\u00e7elerine kom\u015fudur. Etraf\u0131nda bulunan kom\u015fu il\u00e7elerde daha fazla sanayile\u015fme bulunmaktad\u0131r.","og_url":"https:\/\/celebikurye.com\/tr\/istanbul-kurye-ilceleri\/gungoren-de-kurye\/","og_site_name":"\u00c7elebi Kurye - 0542 600 9876 - Zaman Kazand\u0131r\u0131r","article_published_time":"2022-07-01T10:00:21+00:00","article_modified_time":"2022-09-01T10:06:19+00:00","og_image":[{"width":800,"height":500,"url":"https:\/\/celebikurye.com\/tr\/wp-content\/uploads\/2022\/09\/gungoren-de-kurye-cagir.jpg","type":"image\/jpeg"}],"author":"epbilisim","twitter_card":"summary_large_image","twitter_misc":{"Yazan:":"epbilisim","Tahmini okuma s\u00fcresi":"3 dakika"},"schema":{"@context":"https:\/\/schema.org","@graph":[{"@type":"Article","@id":"https:\/\/celebikurye.com\/tr\/istanbul-kurye-ilceleri\/gungoren-de-kurye\/#article","isPartOf":{"@id":"https:\/\/celebikurye.com\/tr\/istanbul-kurye-ilceleri\/gungoren-de-kurye\/"},"author":{"name":"epbilisim","@id":"https:\/\/celebikurye.com\/tr\/#\/schema\/person\/6936cecf075d4229326ed978f353764d"},"headline":"G\u00fcng\u00f6ren de Kurye","datePublished":"2022-07-01T10:00:21+00:00","dateModified":"2022-09-01T10:06:19+00:00","mainEntityOfPage":{"@id":"https:\/\/celebikurye.com\/tr\/istanbul-kurye-ilceleri\/gungoren-de-kurye\/"},"wordCount":461,"commentCount":0,"image":{"@id":"https:\/\/celebikurye.com\/tr\/istanbul-kurye-ilceleri\/gungoren-de-kurye\/#primaryimage"},"thumbnailUrl":"https:\/\/celebikurye.com\/tr\/wp-content\/uploads\/2022\/09\/gungoren-de-kurye-cagir.jpg","articleSection":["\u0130l\u00e7eler"],"inLanguage":"tr","potentialAction":[{"@type":"CommentAction","name":"Comment","target":["https:\/\/celebikurye.com\/tr\/istanbul-kurye-ilceleri\/gungoren-de-kurye\/#respond"]}]},{"@type":"WebPage","@id":"https:\/\/celebikurye.com\/tr\/istanbul-kurye-ilceleri\/gungoren-de-kurye\/","url":"https:\/\/celebikurye.com\/tr\/istanbul-kurye-ilceleri\/gungoren-de-kurye\/","name":"G\u00fcng\u00f6ren de Kurye - \u00c7elebi Kurye - 0542 600 9876 - Zaman Kazand\u0131r\u0131r","isPartOf":{"@id":"https:\/\/celebikurye.com\/tr\/#website"},"primaryImageOfPage":{"@id":"https:\/\/celebikurye.com\/tr\/istanbul-kurye-ilceleri\/gungoren-de-kurye\/#primaryimage"},"image":{"@id":"https:\/\/celebikurye.com\/tr\/istanbul-kurye-ilceleri\/gungoren-de-kurye\/#primaryimage"},"thumbnailUrl":"https:\/\/celebikurye.com\/tr\/wp-content\/uploads\/2022\/09\/gungoren-de-kurye-cagir.jpg","datePublished":"2022-07-01T10:00:21+00:00","dateModified":"2022-09-01T10:06:19+00:00","author":{"@id":"https:\/\/celebikurye.com\/tr\/#\/schema\/person\/6936cecf075d4229326ed978f353764d"},"description":"G\u00fcng\u00f6ren kurye, do\u011fuda Zeytinburnu kurye, Esenler kurye g\u00fcneyde Bak\u0131rk\u00f6y kurye, bat\u0131da Bah\u00e7elievler kurye il\u00e7elerine kom\u015fudur. Etraf\u0131nda bulunan kom\u015fu il\u00e7elerde daha fazla sanayile\u015fme bulunmaktad\u0131r.","breadcrumb":{"@id":"https:\/\/celebikurye.com\/tr\/istanbul-kurye-ilceleri\/gungoren-de-kurye\/#breadcrumb"},"inLanguage":"tr","potentialAction":[{"@type":"ReadAction","target":["https:\/\/celebikurye.com\/tr\/istanbul-kurye-ilceleri\/gungoren-de-kurye\/"]}]},{"@type":"ImageObject","inLanguage":"tr","@id":"https:\/\/celebikurye.com\/tr\/istanbul-kurye-ilceleri\/gungoren-de-kurye\/#primaryimage","url":"https:\/\/celebikurye.com\/tr\/wp-content\/uploads\/2022\/09\/gungoren-de-kurye-cagir.jpg","contentUrl":"https:\/\/celebikurye.com\/tr\/wp-content\/uploads\/2022\/09\/gungoren-de-kurye-cagir.jpg","width":800,"height":500},{"@type":"BreadcrumbList","@id":"https:\/\/celebikurye.com\/tr\/istanbul-kurye-ilceleri\/gungoren-de-kurye\/#breadcrumb","itemListElement":[{"@type":"ListItem","position":1,"name":"Anasayfa","item":"https:\/\/celebikurye.com\/tr\/"},{"@type":"ListItem","position":2,"name":"G\u00fcng\u00f6ren de Kurye"}]},{"@type":"WebSite","@id":"https:\/\/celebikurye.com\/tr\/#website","url":"https:\/\/celebikurye.com\/tr\/","name":"\u00c7elebi Kurye - 0542 600 9876 - Zaman Kazand\u0131r\u0131r","description":"Zaman Kazand\u0131r\u0131r","potentialAction":[{"@type":"SearchAction","target":{"@type":"EntryPoint","urlTemplate":"https:\/\/celebikurye.com\/tr\/?s={search_term_string}"},"query-input":{"@type":"PropertyValueSpecification","valueRequired":true,"valueName":"search_term_string"}}],"inLanguage":"tr"},{"@type":"Person","@id":"https:\/\/celebikurye.com\/tr\/#\/schema\/person\/6936cecf075d4229326ed978f353764d","name":"epbilisim","image":{"@type":"ImageObject","inLanguage":"tr","@id":"https:\/\/secure.gravatar.com\/avatar\/6b53c25b9270d170ef20c514a1f15019195e26e66baa473d86f41e5d76890ae8?s=96&d=mm&r=g","url":"https:\/\/secure.gravatar.com\/avatar\/6b53c25b9270d170ef20c514a1f15019195e26e66baa473d86f41e5d76890ae8?s=96&d=mm&r=g","contentUrl":"https:\/\/secure.gravatar.com\/avatar\/6b53c25b9270d170ef20c514a1f15019195e26e66baa473d86f41e5d76890ae8?s=96&d=mm&r=g","caption":"epbilisim"},"sameAs":["https:\/\/celebikurye.com\/tr"],"url":"https:\/\/celebikurye.com\/tr\/author\/epbilisim\/"}]}},"_links":{"self":[{"href":"https:\/\/celebikurye.com\/tr\/wp-json\/wp\/v2\/posts\/2427","targetHints":{"allow":["GET"]}}],"collection":[{"href":"https:\/\/celebikurye.com\/tr\/wp-json\/wp\/v2\/posts"}],"about":[{"href":"https:\/\/celebikurye.com\/tr\/wp-json\/wp\/v2\/types\/post"}],"author":[{"embeddable":true,"href":"https:\/\/celebikurye.com\/tr\/wp-json\/wp\/v2\/users\/1"}],"replies":[{"embeddable":true,"href":"https:\/\/celebikurye.com\/tr\/wp-json\/wp\/v2\/comments?post=2427"}],"version-history":[{"count":1,"href":"https:\/\/celebikurye.com\/tr\/wp-json\/wp\/v2\/posts\/2427\/revisions"}],"predecessor-version":[{"id":2430,"href":"https:\/\/celebikurye.com\/tr\/wp-json\/wp\/v2\/posts\/2427\/revisions\/2430"}],"wp:featuredmedia":[{"embeddable":true,"href":"https:\/\/celebikurye.com\/tr\/wp-json\/wp\/v2\/media\/2429"}],"wp:attachment":[{"href":"https:\/\/celebikurye.com\/tr\/wp-json\/wp\/v2\/media?parent=2427"}],"wp:term":[{"taxonomy":"category","embeddable":true,"href":"https:\/\/celebikurye.com\/tr\/wp-json\/wp\/v2\/categories?post=2427"},{"taxonomy":"post_tag","embeddable":true,"href":"https:\/\/celebikurye.com\/tr\/wp-json\/wp\/v2\/tags?post=2427"}],"curies":[{"name":"wp","href":"https:\/\/api.w.org\/{rel}","templated":true}]}}