{"id":2413,"date":"2022-06-17T15:48:45","date_gmt":"2022-06-17T12:48:45","guid":{"rendered":"https:\/\/celebikurye.com\/tr\/?p=2413"},"modified":"2022-08-17T15:54:33","modified_gmt":"2022-08-17T12:54:33","slug":"catalca-da-kurye","status":"publish","type":"post","link":"https:\/\/celebikurye.com\/tr\/istanbul-kurye-ilceleri\/catalca-da-kurye\/","title":{"rendered":"\u00c7atalca da Kurye"},"content":{"rendered":"<p>\u00c7atalca da kurye bak\u0131m\u0131ndan son zamanlarda s\u0131k\u00e7a kullan\u0131lan bir b\u00f6lgedir. \u0130stanbul&#8217; un alan olarak en b\u00fcy\u00fck il\u00e7esidir. Buna ra\u011fmen n\u00fcfus olarak ta en k\u00fc\u00e7\u00fck il\u00e7elerinden bir tanesidir. \u015eehrin en kuzey bat\u0131s\u0131nda olan \u00c7atalca Ormanl\u0131k alanlar\u0131 ile \u0130stanbul&#8217; un ci\u011ferleri g\u00f6revi de g\u00f6rmektedir.<\/p>\n<p>B\u00fcy\u00fck \u00e7o\u011funlu\u011fu ormanla kapl\u0131 olan ve il merkezine 55 km mesafede olan \u00c7atalca&#8217;n\u0131n y\u00fcz\u00f6l\u00e7\u00fcm\u00fc 1715 km\u00b2dir. Sahil uzunlu\u011fu 135 km&#8217;yi bulur. G\u00fcneyde <a href=\"https:\/\/celebikurye.com\/tr\/istanbul-kurye-ilceleri\/buyukcekmece-de-kurye\/\">B\u00fcy\u00fck\u00e7ekmece<\/a>&#8216;ye, bat\u0131da ise Silivri&#8217;ye ve Tekirda\u011f ilinin Saray il\u00e7esine kom\u015fudur. Do\u011fudaki kom\u015fusu ise <a href=\"https:\/\/kuryeminteli.com\/hava-sartlari\/hava-sartlari-ve-kurye\/\" target=\"_blank\" rel=\"noopener\">Arnavutk\u00f6y<\/a> il\u00e7esidir.<\/p>\n<p><a href=\"#istanbul_trakya_serbest_b\u00f6lgesi_kurye\">\u0130stanbul-Trakya Serbest B\u00f6lgesi<\/a> \u00c7atalca&#8217;da yer almaktad\u0131r. <a href=\"#\u00e7atalca_kurye\">\u00c7atalca g\u00fcmr\u00fc\u011f\u00fc<\/a> de d\u0131\u015f ticaretin en \u00f6nemli merkezlerindendir. Hem de G\u00fcn\u00fcn her saati kurye g\u00f6nderimi yap\u0131labilmektedir. Mesai harici kurye g\u00f6nderimlerinde <a href=\"#expres_kurye\">Express kurye<\/a> kullan\u0131lmaktad\u0131r.<\/p>\n<p><img decoding=\"async\" class=\"lazyload alignnone size-full wp-image-2415\" src=\"https:\/\/celebikurye.com\/tr\/wp-content\/uploads\/2022\/08\/catalca_dakurye-hizmeti.jpg\" data-orig-src=\"https:\/\/celebikurye.com\/tr\/wp-content\/uploads\/2022\/08\/catalca_dakurye-hizmeti.jpg\" alt=\"\" width=\"400\" height=\"600\" srcset=\"data:image\/svg+xml,%3Csvg%20xmlns%3D%27http%3A%2F%2Fwww.w3.org%2F2000%2Fsvg%27%20width%3D%27400%27%20height%3D%27600%27%20viewBox%3D%270%200%20400%20600%27%3E%3Crect%20width%3D%27400%27%20height%3D%27600%27%20fill-opacity%3D%220%22%2F%3E%3C%2Fsvg%3E\" data-srcset=\"https:\/\/celebikurye.com\/tr\/wp-content\/uploads\/2022\/08\/catalca_dakurye-hizmeti-200x300.jpg 200w, https:\/\/celebikurye.com\/tr\/wp-content\/uploads\/2022\/08\/catalca_dakurye-hizmeti.jpg 400w\" data-sizes=\"auto\" data-orig-sizes=\"(max-width: 400px) 100vw, 400px\" \/>\u0130l\u00e7ede 100 megavat g\u00fcc\u00fcnde 30 adet r\u00fczg\u00e2r t\u00fcrbinli elektrik santrali ve \u00f6nemli miktarda grafit \u00e7\u0131kar\u0131lan ta\u015f ocaklar\u0131 bulunur. \u00d6zellikle Ta\u015f ocaklar\u0131 numune i\u015flemlerinde <a href=\"#kurye_ca\u011f\u0131r\">kurye<\/a> kullanmaktad\u0131r.<\/p>\n<p>Tekstil \u00fcretimi de il\u00e7e ekonomisinde \u00f6nemli yer tutar. B\u00f6lge de bir \u00e7ok tekstil fabrikas\u0131 ve \u00e7ok \u00f6nemli \u00fcretim fabrikalar\u0131 bulunmaktad\u0131r. Hem d\u0131\u015f ticaret hem de \u0130stanbul i\u00e7erisinde kurye g\u00f6nderimleri yap\u0131labilmektedir.<br \/>\nYine b\u00f6lgede bulunan g\u00fcmr\u00fckl\u00fc depolama alanlar\u0131 \u00c7atalca&#8217;n\u0131n \u00f6nde gelen i\u015fletmeleri aras\u0131ndad\u0131r. G\u00fcmr\u00fc\u011f\u00fcn d\u0131\u015f\u0131nda da i\u015flemlerin yap\u0131ld\u0131\u011f\u0131 b\u00f6lgenin <a href=\"#acil_kurye_ca\u011f\u0131r\">kurye kullan\u0131m\u0131<\/a> olduk\u00e7a fazlad\u0131r. \u00d6yleki baz\u0131 kurye \u015firketleri b\u00f6lgede k\u00fc\u00e7\u00fck ofisler a\u00e7maktad\u0131r. \u00c7atalca g\u00fcmr\u00fc\u011f\u00fc ile <a href=\"#ambarl\u0131_g\u00fcmr\u00fc\u011f\u00fc\">Ambarl\u0131 g\u00fcmr\u00fc\u011f\u00fc<\/a> aras\u0131nda kurye g\u00f6nderimleri de olabilmektedir.<\/p>\n<h3>Tarihin dokusu \u00c7atalca da bulunur<\/h3>\n<p>Trakya yar\u0131madas\u0131nda kurulan b\u00fct\u00fcn medeniyeteler b\u00f6lgede kal\u0131c\u0131 eserler b\u0131rakm\u0131\u015flard\u0131r. B\u00fct\u00fcn bu olu\u015fumlara ra\u011fmen ormanl\u0131k alan korunmu\u015f ve korunmaktad\u0131r. Kuzey Marmara otoyolu da b\u00f6lgeden ge\u00e7mektedir. \u00d6zellikle g\u00fcmr\u00fckl\u00fc sahadan \u00e7\u0131kan b\u00fcy\u00fck tonajl\u0131 ara\u00e7lar \u015fehre hi\u00e7 u\u011framadan transit yol ile \u00fclke d\u0131\u015f\u0131na \u00e7\u0131kabilirler.<\/p>\n<p>Y\u00fcz \u00f6l\u00e7\u00fcm\u00fc b\u00fcy\u00fck olmas\u0131 sebebiyle kalabal\u0131k bir mahalle\/k\u00f6y toplulu\u011funa sahiptir \u00c7atalca. \u0130l\u00e7e s\u0131n\u0131rlar\u0131 i\u00e7inde on alt\u0131s\u0131 merkez belediyeye ba\u011fl\u0131 olmak \u00fczere toplam k\u0131rk iki k\u00f6y vard\u0131r. \u00d6zellikle baz\u0131lar\u0131n\u0131n uzak olmas\u0131 ula\u015f\u0131m\u0131n seyrek olmas\u0131 anlam\u0131na gelmektedir. \u0130stanbul&#8217; un g\u00fcr\u00fclt\u00fcs\u00fcnden ka\u00e7mak isteyenlerin k\u00f6y hayatlar\u0131n\u0131 tercih etti\u011fi b\u00f6lgelerdendir. Hem de baz\u0131 k\u00f6yleri vard\u0131r ki, \u0130stanbul da oldu\u011funa inanamayaca\u011f\u0131n\u0131z kadar sakin ve huzurludur.<\/p>\n<p><a href=\"https:\/\/www.yerelnet.org.tr\/tatil-yerleri\/catalca-gezilecek-yerler\" target=\"_blank\" rel=\"noopener\">G\u00f6rsel al\u0131nt\u0131d\u0131r.<\/a><\/p>\n","protected":false},"excerpt":{"rendered":"<p>\u00c7atalca da Kurye, g\u00fcmr\u00fckleme sahalar\u0131 ve tekstil fabrikalar\u0131 ile y\u00fckselen bir trafi\u011fe sahiptir. Kuzey Marmara Otoyolu ile i\u015flerde art\u0131\u015f g\u00f6r\u00fclmektedir.<\/p>\n","protected":false},"author":1,"featured_media":2414,"comment_status":"open","ping_status":"open","sticky":false,"template":"","format":"standard","meta":{"footnotes":""},"categories":[9],"tags":[125,126,122,123,124],"class_list":["post-2413","post","type-post","status-publish","format-standard","has-post-thumbnail","hentry","category-istanbul-kurye-ilceleri","tag-arnavutkoy-kurye","tag-buyukcekmece-kurye","tag-catalca-kurye","tag-muratbey-kurye","tag-silivri-kurye"],"yoast_head":"<!-- This site is optimized with the Yoast SEO plugin v27.3 - https:\/\/yoast.com\/product\/yoast-seo-wordpress\/ -->\n<title>\u00c7atalca da Kurye - \u00c7elebi Kurye - 0542 600 9876 - Zaman Kazand\u0131r\u0131r<\/title>\n<meta name=\"description\" content=\"\u00c7atalca da Kurye, g\u00fcmr\u00fckleme sahalar\u0131 ve tekstil fabrikalar\u0131 ile y\u00fckselen bir trafi\u011fe sahiptir. Kuzey Marmara Otoyoluyla art\u0131\u015f g\u00f6r\u00fclmektedir.\" \/>\n<meta name=\"robots\" content=\"index, follow, max-snippet:-1, max-image-preview:large, max-video-preview:-1\" \/>\n<link rel=\"canonical\" href=\"https:\/\/celebikurye.com\/tr\/istanbul-kurye-ilceleri\/catalca-da-kurye\/\" \/>\n<meta property=\"og:locale\" content=\"tr_TR\" \/>\n<meta property=\"og:type\" content=\"article\" \/>\n<meta property=\"og:title\" content=\"\u00c7atalca da Kurye - \u00c7elebi Kurye - 0542 600 9876 - Zaman Kazand\u0131r\u0131r\" \/>\n<meta property=\"og:description\" content=\"\u00c7atalca da Kurye, g\u00fcmr\u00fckleme sahalar\u0131 ve tekstil fabrikalar\u0131 ile y\u00fckselen bir trafi\u011fe sahiptir. Kuzey Marmara Otoyoluyla art\u0131\u015f g\u00f6r\u00fclmektedir.\" \/>\n<meta property=\"og:url\" content=\"https:\/\/celebikurye.com\/tr\/istanbul-kurye-ilceleri\/catalca-da-kurye\/\" \/>\n<meta property=\"og:site_name\" content=\"\u00c7elebi Kurye - 0542 600 9876 - Zaman Kazand\u0131r\u0131r\" \/>\n<meta property=\"article:published_time\" content=\"2022-06-17T12:48:45+00:00\" \/>\n<meta property=\"article:modified_time\" content=\"2022-08-17T12:54:33+00:00\" \/>\n<meta property=\"og:image\" content=\"https:\/\/celebikurye.com\/tr\/wp-content\/uploads\/2022\/08\/Catalca_da_hemen_kurye.jpg\" \/>\n\t<meta property=\"og:image:width\" content=\"800\" \/>\n\t<meta property=\"og:image:height\" content=\"500\" \/>\n\t<meta property=\"og:image:type\" content=\"image\/jpeg\" \/>\n<meta name=\"author\" content=\"epbilisim\" \/>\n<meta name=\"twitter:card\" content=\"summary_large_image\" \/>\n<meta name=\"twitter:label1\" content=\"Yazan:\" \/>\n\t<meta name=\"twitter:data1\" content=\"epbilisim\" \/>\n\t<meta name=\"twitter:label2\" content=\"Tahmini okuma s\u00fcresi\" \/>\n\t<meta name=\"twitter:data2\" content=\"3 dakika\" \/>\n<script type=\"application\/ld+json\" class=\"yoast-schema-graph\">{\"@context\":\"https:\\\/\\\/schema.org\",\"@graph\":[{\"@type\":\"Article\",\"@id\":\"https:\\\/\\\/celebikurye.com\\\/tr\\\/istanbul-kurye-ilceleri\\\/catalca-da-kurye\\\/#article\",\"isPartOf\":{\"@id\":\"https:\\\/\\\/celebikurye.com\\\/tr\\\/istanbul-kurye-ilceleri\\\/catalca-da-kurye\\\/\"},\"author\":{\"name\":\"epbilisim\",\"@id\":\"https:\\\/\\\/celebikurye.com\\\/tr\\\/#\\\/schema\\\/person\\\/6936cecf075d4229326ed978f353764d\"},\"headline\":\"\u00c7atalca da Kurye\",\"datePublished\":\"2022-06-17T12:48:45+00:00\",\"dateModified\":\"2022-08-17T12:54:33+00:00\",\"mainEntityOfPage\":{\"@id\":\"https:\\\/\\\/celebikurye.com\\\/tr\\\/istanbul-kurye-ilceleri\\\/catalca-da-kurye\\\/\"},\"wordCount\":466,\"commentCount\":0,\"image\":{\"@id\":\"https:\\\/\\\/celebikurye.com\\\/tr\\\/istanbul-kurye-ilceleri\\\/catalca-da-kurye\\\/#primaryimage\"},\"thumbnailUrl\":\"https:\\\/\\\/celebikurye.com\\\/tr\\\/wp-content\\\/uploads\\\/2022\\\/08\\\/Catalca_da_hemen_kurye.jpg\",\"keywords\":[\"Arnavutk\u00f6y Kurye\",\"B\u00fcy\u00fck\u00e7ekmece Kurye\",\"\u00c7atalca Kurye\",\"Muratbey Kurye\",\"Silivri Kurye\"],\"articleSection\":[\"\u0130l\u00e7eler\"],\"inLanguage\":\"tr\",\"potentialAction\":[{\"@type\":\"CommentAction\",\"name\":\"Comment\",\"target\":[\"https:\\\/\\\/celebikurye.com\\\/tr\\\/istanbul-kurye-ilceleri\\\/catalca-da-kurye\\\/#respond\"]}]},{\"@type\":\"WebPage\",\"@id\":\"https:\\\/\\\/celebikurye.com\\\/tr\\\/istanbul-kurye-ilceleri\\\/catalca-da-kurye\\\/\",\"url\":\"https:\\\/\\\/celebikurye.com\\\/tr\\\/istanbul-kurye-ilceleri\\\/catalca-da-kurye\\\/\",\"name\":\"\u00c7atalca da Kurye - \u00c7elebi Kurye - 0542 600 9876 - Zaman Kazand\u0131r\u0131r\",\"isPartOf\":{\"@id\":\"https:\\\/\\\/celebikurye.com\\\/tr\\\/#website\"},\"primaryImageOfPage\":{\"@id\":\"https:\\\/\\\/celebikurye.com\\\/tr\\\/istanbul-kurye-ilceleri\\\/catalca-da-kurye\\\/#primaryimage\"},\"image\":{\"@id\":\"https:\\\/\\\/celebikurye.com\\\/tr\\\/istanbul-kurye-ilceleri\\\/catalca-da-kurye\\\/#primaryimage\"},\"thumbnailUrl\":\"https:\\\/\\\/celebikurye.com\\\/tr\\\/wp-content\\\/uploads\\\/2022\\\/08\\\/Catalca_da_hemen_kurye.jpg\",\"datePublished\":\"2022-06-17T12:48:45+00:00\",\"dateModified\":\"2022-08-17T12:54:33+00:00\",\"author\":{\"@id\":\"https:\\\/\\\/celebikurye.com\\\/tr\\\/#\\\/schema\\\/person\\\/6936cecf075d4229326ed978f353764d\"},\"description\":\"\u00c7atalca da Kurye, g\u00fcmr\u00fckleme sahalar\u0131 ve tekstil fabrikalar\u0131 ile y\u00fckselen bir trafi\u011fe sahiptir. Kuzey Marmara Otoyoluyla art\u0131\u015f g\u00f6r\u00fclmektedir.\",\"breadcrumb\":{\"@id\":\"https:\\\/\\\/celebikurye.com\\\/tr\\\/istanbul-kurye-ilceleri\\\/catalca-da-kurye\\\/#breadcrumb\"},\"inLanguage\":\"tr\",\"potentialAction\":[{\"@type\":\"ReadAction\",\"target\":[\"https:\\\/\\\/celebikurye.com\\\/tr\\\/istanbul-kurye-ilceleri\\\/catalca-da-kurye\\\/\"]}]},{\"@type\":\"ImageObject\",\"inLanguage\":\"tr\",\"@id\":\"https:\\\/\\\/celebikurye.com\\\/tr\\\/istanbul-kurye-ilceleri\\\/catalca-da-kurye\\\/#primaryimage\",\"url\":\"https:\\\/\\\/celebikurye.com\\\/tr\\\/wp-content\\\/uploads\\\/2022\\\/08\\\/Catalca_da_hemen_kurye.jpg\",\"contentUrl\":\"https:\\\/\\\/celebikurye.com\\\/tr\\\/wp-content\\\/uploads\\\/2022\\\/08\\\/Catalca_da_hemen_kurye.jpg\",\"width\":800,\"height\":500},{\"@type\":\"BreadcrumbList\",\"@id\":\"https:\\\/\\\/celebikurye.com\\\/tr\\\/istanbul-kurye-ilceleri\\\/catalca-da-kurye\\\/#breadcrumb\",\"itemListElement\":[{\"@type\":\"ListItem\",\"position\":1,\"name\":\"Anasayfa\",\"item\":\"https:\\\/\\\/celebikurye.com\\\/tr\\\/\"},{\"@type\":\"ListItem\",\"position\":2,\"name\":\"\u00c7atalca da Kurye\"}]},{\"@type\":\"WebSite\",\"@id\":\"https:\\\/\\\/celebikurye.com\\\/tr\\\/#website\",\"url\":\"https:\\\/\\\/celebikurye.com\\\/tr\\\/\",\"name\":\"\u00c7elebi Kurye - 0542 600 9876 - Zaman Kazand\u0131r\u0131r\",\"description\":\"Zaman Kazand\u0131r\u0131r\",\"potentialAction\":[{\"@type\":\"SearchAction\",\"target\":{\"@type\":\"EntryPoint\",\"urlTemplate\":\"https:\\\/\\\/celebikurye.com\\\/tr\\\/?s={search_term_string}\"},\"query-input\":{\"@type\":\"PropertyValueSpecification\",\"valueRequired\":true,\"valueName\":\"search_term_string\"}}],\"inLanguage\":\"tr\"},{\"@type\":\"Person\",\"@id\":\"https:\\\/\\\/celebikurye.com\\\/tr\\\/#\\\/schema\\\/person\\\/6936cecf075d4229326ed978f353764d\",\"name\":\"epbilisim\",\"image\":{\"@type\":\"ImageObject\",\"inLanguage\":\"tr\",\"@id\":\"https:\\\/\\\/secure.gravatar.com\\\/avatar\\\/6b53c25b9270d170ef20c514a1f15019195e26e66baa473d86f41e5d76890ae8?s=96&d=mm&r=g\",\"url\":\"https:\\\/\\\/secure.gravatar.com\\\/avatar\\\/6b53c25b9270d170ef20c514a1f15019195e26e66baa473d86f41e5d76890ae8?s=96&d=mm&r=g\",\"contentUrl\":\"https:\\\/\\\/secure.gravatar.com\\\/avatar\\\/6b53c25b9270d170ef20c514a1f15019195e26e66baa473d86f41e5d76890ae8?s=96&d=mm&r=g\",\"caption\":\"epbilisim\"},\"sameAs\":[\"https:\\\/\\\/celebikurye.com\\\/tr\"],\"url\":\"https:\\\/\\\/celebikurye.com\\\/tr\\\/author\\\/epbilisim\\\/\"}]}<\/script>\n<!-- \/ Yoast SEO plugin. -->","yoast_head_json":{"title":"\u00c7atalca da Kurye - \u00c7elebi Kurye - 0542 600 9876 - Zaman Kazand\u0131r\u0131r","description":"\u00c7atalca da Kurye, g\u00fcmr\u00fckleme sahalar\u0131 ve tekstil fabrikalar\u0131 ile y\u00fckselen bir trafi\u011fe sahiptir. Kuzey Marmara Otoyoluyla art\u0131\u015f g\u00f6r\u00fclmektedir.","robots":{"index":"index","follow":"follow","max-snippet":"max-snippet:-1","max-image-preview":"max-image-preview:large","max-video-preview":"max-video-preview:-1"},"canonical":"https:\/\/celebikurye.com\/tr\/istanbul-kurye-ilceleri\/catalca-da-kurye\/","og_locale":"tr_TR","og_type":"article","og_title":"\u00c7atalca da Kurye - \u00c7elebi Kurye - 0542 600 9876 - Zaman Kazand\u0131r\u0131r","og_description":"\u00c7atalca da Kurye, g\u00fcmr\u00fckleme sahalar\u0131 ve tekstil fabrikalar\u0131 ile y\u00fckselen bir trafi\u011fe sahiptir. Kuzey Marmara Otoyoluyla art\u0131\u015f g\u00f6r\u00fclmektedir.","og_url":"https:\/\/celebikurye.com\/tr\/istanbul-kurye-ilceleri\/catalca-da-kurye\/","og_site_name":"\u00c7elebi Kurye - 0542 600 9876 - Zaman Kazand\u0131r\u0131r","article_published_time":"2022-06-17T12:48:45+00:00","article_modified_time":"2022-08-17T12:54:33+00:00","og_image":[{"width":800,"height":500,"url":"https:\/\/celebikurye.com\/tr\/wp-content\/uploads\/2022\/08\/Catalca_da_hemen_kurye.jpg","type":"image\/jpeg"}],"author":"epbilisim","twitter_card":"summary_large_image","twitter_misc":{"Yazan:":"epbilisim","Tahmini okuma s\u00fcresi":"3 dakika"},"schema":{"@context":"https:\/\/schema.org","@graph":[{"@type":"Article","@id":"https:\/\/celebikurye.com\/tr\/istanbul-kurye-ilceleri\/catalca-da-kurye\/#article","isPartOf":{"@id":"https:\/\/celebikurye.com\/tr\/istanbul-kurye-ilceleri\/catalca-da-kurye\/"},"author":{"name":"epbilisim","@id":"https:\/\/celebikurye.com\/tr\/#\/schema\/person\/6936cecf075d4229326ed978f353764d"},"headline":"\u00c7atalca da Kurye","datePublished":"2022-06-17T12:48:45+00:00","dateModified":"2022-08-17T12:54:33+00:00","mainEntityOfPage":{"@id":"https:\/\/celebikurye.com\/tr\/istanbul-kurye-ilceleri\/catalca-da-kurye\/"},"wordCount":466,"commentCount":0,"image":{"@id":"https:\/\/celebikurye.com\/tr\/istanbul-kurye-ilceleri\/catalca-da-kurye\/#primaryimage"},"thumbnailUrl":"https:\/\/celebikurye.com\/tr\/wp-content\/uploads\/2022\/08\/Catalca_da_hemen_kurye.jpg","keywords":["Arnavutk\u00f6y Kurye","B\u00fcy\u00fck\u00e7ekmece Kurye","\u00c7atalca Kurye","Muratbey Kurye","Silivri Kurye"],"articleSection":["\u0130l\u00e7eler"],"inLanguage":"tr","potentialAction":[{"@type":"CommentAction","name":"Comment","target":["https:\/\/celebikurye.com\/tr\/istanbul-kurye-ilceleri\/catalca-da-kurye\/#respond"]}]},{"@type":"WebPage","@id":"https:\/\/celebikurye.com\/tr\/istanbul-kurye-ilceleri\/catalca-da-kurye\/","url":"https:\/\/celebikurye.com\/tr\/istanbul-kurye-ilceleri\/catalca-da-kurye\/","name":"\u00c7atalca da Kurye - \u00c7elebi Kurye - 0542 600 9876 - Zaman Kazand\u0131r\u0131r","isPartOf":{"@id":"https:\/\/celebikurye.com\/tr\/#website"},"primaryImageOfPage":{"@id":"https:\/\/celebikurye.com\/tr\/istanbul-kurye-ilceleri\/catalca-da-kurye\/#primaryimage"},"image":{"@id":"https:\/\/celebikurye.com\/tr\/istanbul-kurye-ilceleri\/catalca-da-kurye\/#primaryimage"},"thumbnailUrl":"https:\/\/celebikurye.com\/tr\/wp-content\/uploads\/2022\/08\/Catalca_da_hemen_kurye.jpg","datePublished":"2022-06-17T12:48:45+00:00","dateModified":"2022-08-17T12:54:33+00:00","author":{"@id":"https:\/\/celebikurye.com\/tr\/#\/schema\/person\/6936cecf075d4229326ed978f353764d"},"description":"\u00c7atalca da Kurye, g\u00fcmr\u00fckleme sahalar\u0131 ve tekstil fabrikalar\u0131 ile y\u00fckselen bir trafi\u011fe sahiptir. Kuzey Marmara Otoyoluyla art\u0131\u015f g\u00f6r\u00fclmektedir.","breadcrumb":{"@id":"https:\/\/celebikurye.com\/tr\/istanbul-kurye-ilceleri\/catalca-da-kurye\/#breadcrumb"},"inLanguage":"tr","potentialAction":[{"@type":"ReadAction","target":["https:\/\/celebikurye.com\/tr\/istanbul-kurye-ilceleri\/catalca-da-kurye\/"]}]},{"@type":"ImageObject","inLanguage":"tr","@id":"https:\/\/celebikurye.com\/tr\/istanbul-kurye-ilceleri\/catalca-da-kurye\/#primaryimage","url":"https:\/\/celebikurye.com\/tr\/wp-content\/uploads\/2022\/08\/Catalca_da_hemen_kurye.jpg","contentUrl":"https:\/\/celebikurye.com\/tr\/wp-content\/uploads\/2022\/08\/Catalca_da_hemen_kurye.jpg","width":800,"height":500},{"@type":"BreadcrumbList","@id":"https:\/\/celebikurye.com\/tr\/istanbul-kurye-ilceleri\/catalca-da-kurye\/#breadcrumb","itemListElement":[{"@type":"ListItem","position":1,"name":"Anasayfa","item":"https:\/\/celebikurye.com\/tr\/"},{"@type":"ListItem","position":2,"name":"\u00c7atalca da Kurye"}]},{"@type":"WebSite","@id":"https:\/\/celebikurye.com\/tr\/#website","url":"https:\/\/celebikurye.com\/tr\/","name":"\u00c7elebi Kurye - 0542 600 9876 - Zaman Kazand\u0131r\u0131r","description":"Zaman Kazand\u0131r\u0131r","potentialAction":[{"@type":"SearchAction","target":{"@type":"EntryPoint","urlTemplate":"https:\/\/celebikurye.com\/tr\/?s={search_term_string}"},"query-input":{"@type":"PropertyValueSpecification","valueRequired":true,"valueName":"search_term_string"}}],"inLanguage":"tr"},{"@type":"Person","@id":"https:\/\/celebikurye.com\/tr\/#\/schema\/person\/6936cecf075d4229326ed978f353764d","name":"epbilisim","image":{"@type":"ImageObject","inLanguage":"tr","@id":"https:\/\/secure.gravatar.com\/avatar\/6b53c25b9270d170ef20c514a1f15019195e26e66baa473d86f41e5d76890ae8?s=96&d=mm&r=g","url":"https:\/\/secure.gravatar.com\/avatar\/6b53c25b9270d170ef20c514a1f15019195e26e66baa473d86f41e5d76890ae8?s=96&d=mm&r=g","contentUrl":"https:\/\/secure.gravatar.com\/avatar\/6b53c25b9270d170ef20c514a1f15019195e26e66baa473d86f41e5d76890ae8?s=96&d=mm&r=g","caption":"epbilisim"},"sameAs":["https:\/\/celebikurye.com\/tr"],"url":"https:\/\/celebikurye.com\/tr\/author\/epbilisim\/"}]}},"_links":{"self":[{"href":"https:\/\/celebikurye.com\/tr\/wp-json\/wp\/v2\/posts\/2413","targetHints":{"allow":["GET"]}}],"collection":[{"href":"https:\/\/celebikurye.com\/tr\/wp-json\/wp\/v2\/posts"}],"about":[{"href":"https:\/\/celebikurye.com\/tr\/wp-json\/wp\/v2\/types\/post"}],"author":[{"embeddable":true,"href":"https:\/\/celebikurye.com\/tr\/wp-json\/wp\/v2\/users\/1"}],"replies":[{"embeddable":true,"href":"https:\/\/celebikurye.com\/tr\/wp-json\/wp\/v2\/comments?post=2413"}],"version-history":[{"count":1,"href":"https:\/\/celebikurye.com\/tr\/wp-json\/wp\/v2\/posts\/2413\/revisions"}],"predecessor-version":[{"id":2416,"href":"https:\/\/celebikurye.com\/tr\/wp-json\/wp\/v2\/posts\/2413\/revisions\/2416"}],"wp:featuredmedia":[{"embeddable":true,"href":"https:\/\/celebikurye.com\/tr\/wp-json\/wp\/v2\/media\/2414"}],"wp:attachment":[{"href":"https:\/\/celebikurye.com\/tr\/wp-json\/wp\/v2\/media?parent=2413"}],"wp:term":[{"taxonomy":"category","embeddable":true,"href":"https:\/\/celebikurye.com\/tr\/wp-json\/wp\/v2\/categories?post=2413"},{"taxonomy":"post_tag","embeddable":true,"href":"https:\/\/celebikurye.com\/tr\/wp-json\/wp\/v2\/tags?post=2413"}],"curies":[{"name":"wp","href":"https:\/\/api.w.org\/{rel}","templated":true}]}}