{"id":2404,"date":"2022-06-05T18:59:52","date_gmt":"2022-06-05T15:59:52","guid":{"rendered":"https:\/\/celebikurye.com\/tr\/?p=2404"},"modified":"2022-08-12T19:08:44","modified_gmt":"2022-08-12T16:08:44","slug":"buyukcekmece-de-kurye","status":"publish","type":"post","link":"https:\/\/celebikurye.com\/tr\/istanbul-kurye-ilceleri\/buyukcekmece-de-kurye\/","title":{"rendered":"B\u00fcy\u00fck\u00e7ekmece de kurye"},"content":{"rendered":"<p>B\u00fcy\u00fck\u00e7ekmece Kurye, \u0130stanbul&#8217; un Bat\u0131s\u0131n da kalan kalabal\u0131\u011f\u0131n sakinle\u015fti\u011fi g\u00fczel il\u00e7elerindendir. Y\u00fcz \u00f6l\u00e7\u00fcm\u00fc ve n\u00fcfus oran\u0131 b\u00f6lgeyi bireysel kurye kullan\u0131m\u0131nda en \u00fcst s\u0131ralara ta\u015f\u0131maktad\u0131r. \u00d6zellikle sahil ve sayfiye yeri olmas\u0131 sebebiyle yaz mevsiminde n\u00fcfus artmaktad\u0131r. \u015eehrin tamam\u0131nda kurye g\u00f6nderileri azal\u0131rken B\u00fcy\u00fck\u00e7ekmece ve mahallelerinde kurye g\u00f6nderimi artmaktad\u0131r.<\/p>\n<p>B\u00fcy\u00fck\u00e7ekmece <a href=\"https:\/\/celebikurye.com\/tr\/istanbul-kurye-ilceleri\/beylikduzu-kurye\/\">Beylikd\u00fcz\u00fc <\/a>gibi \u015eehrin tepe noktas\u0131n\u0131n hemen arkas\u0131nda kalan sahil \u015feridi ile \u00fcnl\u00fc il\u00e7edir. Bat\u0131 ya do\u011fru gidildik\u00e7e mahalleleri tamamen yazl\u0131k kesimlerden olu\u015fmaktad\u0131r. Yaz d\u00f6neminde n\u00fcfusun 3 kat\u0131na kadar \u00e7\u0131kt\u0131\u011f\u0131 g\u00f6r\u00fclmektedir. dolay\u0131s\u0131 ile \u0130stanbul tatile gitti\u011finde azalan kurye g\u00f6nderi adetleri yaz mevsiminde bu b\u00f6lgede artmaktad\u0131r. \u015eehre uzak olmas\u0131 kurye \u00fccretlerinde fiyatlara etki etse de \u015fehirden daha h\u0131zl\u0131 bir ula\u015f\u0131m \u015fekli olmad\u0131\u011f\u0131 ni\u00e7in tercih edilmektedir.<\/p>\n<p><a href=\"#b\u00fcy\u00fck\u00e7ekmece_kurye\"><img decoding=\"async\" class=\"lazyload size-full wp-image-2406 alignleft\" src=\"https:\/\/celebikurye.com\/tr\/wp-content\/uploads\/2022\/08\/buyukcekmece_de_kurye_hemen_acil.jpg\" data-orig-src=\"https:\/\/celebikurye.com\/tr\/wp-content\/uploads\/2022\/08\/buyukcekmece_de_kurye_hemen_acil.jpg\" alt=\"\" width=\"400\" height=\"600\" srcset=\"data:image\/svg+xml,%3Csvg%20xmlns%3D%27http%3A%2F%2Fwww.w3.org%2F2000%2Fsvg%27%20width%3D%27400%27%20height%3D%27600%27%20viewBox%3D%270%200%20400%20600%27%3E%3Crect%20width%3D%27400%27%20height%3D%27600%27%20fill-opacity%3D%220%22%2F%3E%3C%2Fsvg%3E\" data-srcset=\"https:\/\/celebikurye.com\/tr\/wp-content\/uploads\/2022\/08\/buyukcekmece_de_kurye_hemen_acil-200x300.jpg 200w, https:\/\/celebikurye.com\/tr\/wp-content\/uploads\/2022\/08\/buyukcekmece_de_kurye_hemen_acil.jpg 400w\" data-sizes=\"auto\" data-orig-sizes=\"(max-width: 400px) 100vw, 400px\" \/>B\u00fcy\u00fck\u00e7ekmece<\/a> de Metro yada metrob\u00fcs ula\u015f\u0131m\u0131 bulunmamaktad\u0131r. Ula\u015f\u0131m minib\u00fcs ve belediye otob\u00fcsleri ile sa\u011flanmaktad\u0131r. yaz mevsimin de trafi\u011fin de 3 hatta 4 kat artmas\u0131 toplu ta\u015f\u0131ma ara\u00e7lar\u0131n\u0131n da yetersiz kalmas\u0131n\u0131 sa\u011flar. Bu b\u00f6lgede daha \u00e7ok bireysel kurye kullan\u0131m\u0131 yap\u0131lmaktad\u0131r. <a href=\"#kurye-ca\u011f\u0131r\">normal kurye<\/a> g\u00f6nderimi tercih edilmektedir. Ancak baz\u0131 durumlarda <a href=\"https:\/\/kuryeminteli.com\/kurye\/ekspres-kurye\/ekspres-kurye-yardiminiza-kosar\/\" target=\"_blank\" rel=\"noopener\">Express kurye<\/a> de kullan\u0131lmaktad\u0131r. B\u00fcy\u00fck\u00e7ekmece i\u00e7inde kurye g\u00f6nderimi pek yap\u0131lmamaktad\u0131r. Ancak \u0130stanbul&#8217; un her yerine kurye g\u00f6nderimi sa\u011flanmaktad\u0131r.<br \/>\nAyn\u0131 \u015fekilde \u0130stanbul&#8217; un her yerinden de B\u00fcy\u00fck\u00e7ekmece ye kurye g\u00f6nderisi gidebilmektedir. <a href=\"#kumburgaz_kurye\">Kumburgaz<\/a> , <a href=\"#kamiloba_kurye\">Kamiloba<\/a> ve <a href=\"#b\u00fcy\u00fck\u00e7ekmece_celaliye-kurye\">celaliye<\/a> mahallelerinde tamamen bireysel g\u00f6nderim yap\u0131lmaktad\u0131r. B\u00fcy\u00fck\u00e7ekmece s\u0131n\u0131rlar\u0131 i\u00e7inde bulunan <a href=\"#t\u00fcyap_kurye\">T\u00fcyap kongre merkezi<\/a> ise T\u00fcrkiye&#8217;nin en b\u00fcy\u00fck fuar alan\u0131d\u0131r. 12 ay boyunca fuar olmas\u0131 sebebiyle ticari kurye g\u00f6nderimi bu b\u00f6lgeden yap\u0131labilmektedir. Murat bey mahallesi i\u00e7inde kalan g\u00fcmr\u00fck ve nakliyat firmalar\u0131 da ticari kurye g\u00f6nderiminde s\u0131k\u00e7a kullan\u0131lmaktad\u0131r.<\/p>\n<h3>\u015eehrin en b\u00fcy\u00fck hastanelerinden biri<\/h3>\n<p>Mimar Sinan Devlet hastanesi b\u00f6lgenin en b\u00fcy\u00fck hastanesi konumundad\u0131r. Hastane \u00e7evresinden g\u00fcn\u00fcn her saati eczane kuryesi kayd\u0131 verilmektedir. Mimaroba mahallesi ise nerdeyse merkez olmu\u015f ve ticari kurye g\u00f6nderiminde kendine \u00f6nemli bir yer bulmaktad\u0131r.<\/p>\n<p>B\u00fcy\u00fck\u00e7ekmece de ayr\u0131ca k\u00fclt\u00fcr faaliyetleri ve d\u00fcnyan\u0131n en b\u00fcy\u00fck 3. k\u00fclt\u00fcr festivali yap\u0131lmaktad\u0131r. Her a\u00e7\u0131dan keyifle ya\u015fanacak il\u00e7ede \u015fehirden ka\u00e7mak isteyenlerin dinlenece\u011fi bir yer mutlaka bulunmaktad\u0131r.<\/p>\n","protected":false},"excerpt":{"rendered":"<p>B\u00fcy\u00fck\u00e7ekmece Kurye, \u0130stanbul&#8217; da kalabal\u0131\u011f\u0131n sakinle\u015fti\u011fi bir il\u00e7edir. \u00d6zellikle sahil ve sayfiye yeri olmas\u0131 sebebiyle yaz mevsiminde n\u00fcfus artmaktad\u0131r. \u015eehrin tamam\u0131nda kurye g\u00f6nderileri azal\u0131rken B\u00fcy\u00fck\u00e7ekmece ve mahallelerinde kurye g\u00f6nderimi artmaktad\u0131r.<\/p>\n","protected":false},"author":1,"featured_media":2405,"comment_status":"open","ping_status":"open","sticky":false,"template":"","format":"standard","meta":{"footnotes":""},"categories":[9],"tags":[111,114,112,113,115,116],"class_list":["post-2404","post","type-post","status-publish","format-standard","has-post-thumbnail","hentry","category-istanbul-kurye-ilceleri","tag-buyukcekmece-de-kurye","tag-celaliye-de-kurye","tag-kamiloba-da-kurye","tag-kumburgaz-da-kurye","tag-muratbey-de-kurye","tag-tuyap-ta-kurye"],"yoast_head":"<!-- This site is optimized with the Yoast SEO plugin v27.3 - https:\/\/yoast.com\/product\/yoast-seo-wordpress\/ -->\n<title>B\u00fcy\u00fck\u00e7ekmece de kurye - \u00c7elebi Kurye - 0542 600 9876 - Zaman Kazand\u0131r\u0131r<\/title>\n<meta name=\"description\" content=\"B\u00fcy\u00fck\u00e7ekmece de Kurye, \u0130stanbul&#039; da kalabal\u0131\u011f\u0131n sakinle\u015fti\u011fi bir il\u00e7edir. Yaz mevsiminde g\u00f6nderimlerin artt\u0131\u011f\u0131 b\u00f6lgedir.\" \/>\n<meta name=\"robots\" content=\"index, follow, max-snippet:-1, max-image-preview:large, max-video-preview:-1\" \/>\n<link rel=\"canonical\" href=\"https:\/\/celebikurye.com\/tr\/istanbul-kurye-ilceleri\/buyukcekmece-de-kurye\/\" \/>\n<meta property=\"og:locale\" content=\"tr_TR\" \/>\n<meta property=\"og:type\" content=\"article\" \/>\n<meta property=\"og:title\" content=\"B\u00fcy\u00fck\u00e7ekmece de kurye - \u00c7elebi Kurye - 0542 600 9876 - Zaman Kazand\u0131r\u0131r\" \/>\n<meta property=\"og:description\" content=\"B\u00fcy\u00fck\u00e7ekmece de Kurye, \u0130stanbul&#039; da kalabal\u0131\u011f\u0131n sakinle\u015fti\u011fi bir il\u00e7edir. Yaz mevsiminde g\u00f6nderimlerin artt\u0131\u011f\u0131 b\u00f6lgedir.\" \/>\n<meta property=\"og:url\" content=\"https:\/\/celebikurye.com\/tr\/istanbul-kurye-ilceleri\/buyukcekmece-de-kurye\/\" \/>\n<meta property=\"og:site_name\" content=\"\u00c7elebi Kurye - 0542 600 9876 - Zaman Kazand\u0131r\u0131r\" \/>\n<meta property=\"article:published_time\" content=\"2022-06-05T15:59:52+00:00\" \/>\n<meta property=\"article:modified_time\" content=\"2022-08-12T16:08:44+00:00\" \/>\n<meta property=\"og:image\" content=\"https:\/\/celebikurye.com\/tr\/wp-content\/uploads\/2022\/08\/buyukcekmece_de-kurye-cagir.jpg\" \/>\n\t<meta property=\"og:image:width\" content=\"800\" \/>\n\t<meta property=\"og:image:height\" content=\"500\" \/>\n\t<meta property=\"og:image:type\" content=\"image\/jpeg\" \/>\n<meta name=\"author\" content=\"epbilisim\" \/>\n<meta name=\"twitter:card\" content=\"summary_large_image\" \/>\n<meta name=\"twitter:label1\" content=\"Yazan:\" \/>\n\t<meta name=\"twitter:data1\" content=\"epbilisim\" \/>\n\t<meta name=\"twitter:label2\" content=\"Tahmini okuma s\u00fcresi\" \/>\n\t<meta name=\"twitter:data2\" content=\"3 dakika\" \/>\n<script type=\"application\/ld+json\" class=\"yoast-schema-graph\">{\"@context\":\"https:\\\/\\\/schema.org\",\"@graph\":[{\"@type\":\"Article\",\"@id\":\"https:\\\/\\\/celebikurye.com\\\/tr\\\/istanbul-kurye-ilceleri\\\/buyukcekmece-de-kurye\\\/#article\",\"isPartOf\":{\"@id\":\"https:\\\/\\\/celebikurye.com\\\/tr\\\/istanbul-kurye-ilceleri\\\/buyukcekmece-de-kurye\\\/\"},\"author\":{\"name\":\"epbilisim\",\"@id\":\"https:\\\/\\\/celebikurye.com\\\/tr\\\/#\\\/schema\\\/person\\\/6936cecf075d4229326ed978f353764d\"},\"headline\":\"B\u00fcy\u00fck\u00e7ekmece de kurye\",\"datePublished\":\"2022-06-05T15:59:52+00:00\",\"dateModified\":\"2022-08-12T16:08:44+00:00\",\"mainEntityOfPage\":{\"@id\":\"https:\\\/\\\/celebikurye.com\\\/tr\\\/istanbul-kurye-ilceleri\\\/buyukcekmece-de-kurye\\\/\"},\"wordCount\":452,\"commentCount\":0,\"image\":{\"@id\":\"https:\\\/\\\/celebikurye.com\\\/tr\\\/istanbul-kurye-ilceleri\\\/buyukcekmece-de-kurye\\\/#primaryimage\"},\"thumbnailUrl\":\"https:\\\/\\\/celebikurye.com\\\/tr\\\/wp-content\\\/uploads\\\/2022\\\/08\\\/buyukcekmece_de-kurye-cagir.jpg\",\"keywords\":[\"B\u00fcy\u00fck\u00e7ekmece de kurye\",\"Celaliye de kurye\",\"Kamiloba da kurye\",\"Kumburgaz da kurye\",\"Muratbey de kurye\",\"T\u00fcyap ta kurye\"],\"articleSection\":[\"\u0130l\u00e7eler\"],\"inLanguage\":\"tr\",\"potentialAction\":[{\"@type\":\"CommentAction\",\"name\":\"Comment\",\"target\":[\"https:\\\/\\\/celebikurye.com\\\/tr\\\/istanbul-kurye-ilceleri\\\/buyukcekmece-de-kurye\\\/#respond\"]}]},{\"@type\":\"WebPage\",\"@id\":\"https:\\\/\\\/celebikurye.com\\\/tr\\\/istanbul-kurye-ilceleri\\\/buyukcekmece-de-kurye\\\/\",\"url\":\"https:\\\/\\\/celebikurye.com\\\/tr\\\/istanbul-kurye-ilceleri\\\/buyukcekmece-de-kurye\\\/\",\"name\":\"B\u00fcy\u00fck\u00e7ekmece de kurye - \u00c7elebi Kurye - 0542 600 9876 - Zaman Kazand\u0131r\u0131r\",\"isPartOf\":{\"@id\":\"https:\\\/\\\/celebikurye.com\\\/tr\\\/#website\"},\"primaryImageOfPage\":{\"@id\":\"https:\\\/\\\/celebikurye.com\\\/tr\\\/istanbul-kurye-ilceleri\\\/buyukcekmece-de-kurye\\\/#primaryimage\"},\"image\":{\"@id\":\"https:\\\/\\\/celebikurye.com\\\/tr\\\/istanbul-kurye-ilceleri\\\/buyukcekmece-de-kurye\\\/#primaryimage\"},\"thumbnailUrl\":\"https:\\\/\\\/celebikurye.com\\\/tr\\\/wp-content\\\/uploads\\\/2022\\\/08\\\/buyukcekmece_de-kurye-cagir.jpg\",\"datePublished\":\"2022-06-05T15:59:52+00:00\",\"dateModified\":\"2022-08-12T16:08:44+00:00\",\"author\":{\"@id\":\"https:\\\/\\\/celebikurye.com\\\/tr\\\/#\\\/schema\\\/person\\\/6936cecf075d4229326ed978f353764d\"},\"description\":\"B\u00fcy\u00fck\u00e7ekmece de Kurye, \u0130stanbul' da kalabal\u0131\u011f\u0131n sakinle\u015fti\u011fi bir il\u00e7edir. Yaz mevsiminde g\u00f6nderimlerin artt\u0131\u011f\u0131 b\u00f6lgedir.\",\"breadcrumb\":{\"@id\":\"https:\\\/\\\/celebikurye.com\\\/tr\\\/istanbul-kurye-ilceleri\\\/buyukcekmece-de-kurye\\\/#breadcrumb\"},\"inLanguage\":\"tr\",\"potentialAction\":[{\"@type\":\"ReadAction\",\"target\":[\"https:\\\/\\\/celebikurye.com\\\/tr\\\/istanbul-kurye-ilceleri\\\/buyukcekmece-de-kurye\\\/\"]}]},{\"@type\":\"ImageObject\",\"inLanguage\":\"tr\",\"@id\":\"https:\\\/\\\/celebikurye.com\\\/tr\\\/istanbul-kurye-ilceleri\\\/buyukcekmece-de-kurye\\\/#primaryimage\",\"url\":\"https:\\\/\\\/celebikurye.com\\\/tr\\\/wp-content\\\/uploads\\\/2022\\\/08\\\/buyukcekmece_de-kurye-cagir.jpg\",\"contentUrl\":\"https:\\\/\\\/celebikurye.com\\\/tr\\\/wp-content\\\/uploads\\\/2022\\\/08\\\/buyukcekmece_de-kurye-cagir.jpg\",\"width\":800,\"height\":500},{\"@type\":\"BreadcrumbList\",\"@id\":\"https:\\\/\\\/celebikurye.com\\\/tr\\\/istanbul-kurye-ilceleri\\\/buyukcekmece-de-kurye\\\/#breadcrumb\",\"itemListElement\":[{\"@type\":\"ListItem\",\"position\":1,\"name\":\"Anasayfa\",\"item\":\"https:\\\/\\\/celebikurye.com\\\/tr\\\/\"},{\"@type\":\"ListItem\",\"position\":2,\"name\":\"B\u00fcy\u00fck\u00e7ekmece de kurye\"}]},{\"@type\":\"WebSite\",\"@id\":\"https:\\\/\\\/celebikurye.com\\\/tr\\\/#website\",\"url\":\"https:\\\/\\\/celebikurye.com\\\/tr\\\/\",\"name\":\"\u00c7elebi Kurye - 0542 600 9876 - Zaman Kazand\u0131r\u0131r\",\"description\":\"Zaman Kazand\u0131r\u0131r\",\"potentialAction\":[{\"@type\":\"SearchAction\",\"target\":{\"@type\":\"EntryPoint\",\"urlTemplate\":\"https:\\\/\\\/celebikurye.com\\\/tr\\\/?s={search_term_string}\"},\"query-input\":{\"@type\":\"PropertyValueSpecification\",\"valueRequired\":true,\"valueName\":\"search_term_string\"}}],\"inLanguage\":\"tr\"},{\"@type\":\"Person\",\"@id\":\"https:\\\/\\\/celebikurye.com\\\/tr\\\/#\\\/schema\\\/person\\\/6936cecf075d4229326ed978f353764d\",\"name\":\"epbilisim\",\"image\":{\"@type\":\"ImageObject\",\"inLanguage\":\"tr\",\"@id\":\"https:\\\/\\\/secure.gravatar.com\\\/avatar\\\/6b53c25b9270d170ef20c514a1f15019195e26e66baa473d86f41e5d76890ae8?s=96&d=mm&r=g\",\"url\":\"https:\\\/\\\/secure.gravatar.com\\\/avatar\\\/6b53c25b9270d170ef20c514a1f15019195e26e66baa473d86f41e5d76890ae8?s=96&d=mm&r=g\",\"contentUrl\":\"https:\\\/\\\/secure.gravatar.com\\\/avatar\\\/6b53c25b9270d170ef20c514a1f15019195e26e66baa473d86f41e5d76890ae8?s=96&d=mm&r=g\",\"caption\":\"epbilisim\"},\"sameAs\":[\"https:\\\/\\\/celebikurye.com\\\/tr\"],\"url\":\"https:\\\/\\\/celebikurye.com\\\/tr\\\/author\\\/epbilisim\\\/\"}]}<\/script>\n<!-- \/ Yoast SEO plugin. -->","yoast_head_json":{"title":"B\u00fcy\u00fck\u00e7ekmece de kurye - \u00c7elebi Kurye - 0542 600 9876 - Zaman Kazand\u0131r\u0131r","description":"B\u00fcy\u00fck\u00e7ekmece de Kurye, \u0130stanbul' da kalabal\u0131\u011f\u0131n sakinle\u015fti\u011fi bir il\u00e7edir. Yaz mevsiminde g\u00f6nderimlerin artt\u0131\u011f\u0131 b\u00f6lgedir.","robots":{"index":"index","follow":"follow","max-snippet":"max-snippet:-1","max-image-preview":"max-image-preview:large","max-video-preview":"max-video-preview:-1"},"canonical":"https:\/\/celebikurye.com\/tr\/istanbul-kurye-ilceleri\/buyukcekmece-de-kurye\/","og_locale":"tr_TR","og_type":"article","og_title":"B\u00fcy\u00fck\u00e7ekmece de kurye - \u00c7elebi Kurye - 0542 600 9876 - Zaman Kazand\u0131r\u0131r","og_description":"B\u00fcy\u00fck\u00e7ekmece de Kurye, \u0130stanbul' da kalabal\u0131\u011f\u0131n sakinle\u015fti\u011fi bir il\u00e7edir. Yaz mevsiminde g\u00f6nderimlerin artt\u0131\u011f\u0131 b\u00f6lgedir.","og_url":"https:\/\/celebikurye.com\/tr\/istanbul-kurye-ilceleri\/buyukcekmece-de-kurye\/","og_site_name":"\u00c7elebi Kurye - 0542 600 9876 - Zaman Kazand\u0131r\u0131r","article_published_time":"2022-06-05T15:59:52+00:00","article_modified_time":"2022-08-12T16:08:44+00:00","og_image":[{"width":800,"height":500,"url":"https:\/\/celebikurye.com\/tr\/wp-content\/uploads\/2022\/08\/buyukcekmece_de-kurye-cagir.jpg","type":"image\/jpeg"}],"author":"epbilisim","twitter_card":"summary_large_image","twitter_misc":{"Yazan:":"epbilisim","Tahmini okuma s\u00fcresi":"3 dakika"},"schema":{"@context":"https:\/\/schema.org","@graph":[{"@type":"Article","@id":"https:\/\/celebikurye.com\/tr\/istanbul-kurye-ilceleri\/buyukcekmece-de-kurye\/#article","isPartOf":{"@id":"https:\/\/celebikurye.com\/tr\/istanbul-kurye-ilceleri\/buyukcekmece-de-kurye\/"},"author":{"name":"epbilisim","@id":"https:\/\/celebikurye.com\/tr\/#\/schema\/person\/6936cecf075d4229326ed978f353764d"},"headline":"B\u00fcy\u00fck\u00e7ekmece de kurye","datePublished":"2022-06-05T15:59:52+00:00","dateModified":"2022-08-12T16:08:44+00:00","mainEntityOfPage":{"@id":"https:\/\/celebikurye.com\/tr\/istanbul-kurye-ilceleri\/buyukcekmece-de-kurye\/"},"wordCount":452,"commentCount":0,"image":{"@id":"https:\/\/celebikurye.com\/tr\/istanbul-kurye-ilceleri\/buyukcekmece-de-kurye\/#primaryimage"},"thumbnailUrl":"https:\/\/celebikurye.com\/tr\/wp-content\/uploads\/2022\/08\/buyukcekmece_de-kurye-cagir.jpg","keywords":["B\u00fcy\u00fck\u00e7ekmece de kurye","Celaliye de kurye","Kamiloba da kurye","Kumburgaz da kurye","Muratbey de kurye","T\u00fcyap ta kurye"],"articleSection":["\u0130l\u00e7eler"],"inLanguage":"tr","potentialAction":[{"@type":"CommentAction","name":"Comment","target":["https:\/\/celebikurye.com\/tr\/istanbul-kurye-ilceleri\/buyukcekmece-de-kurye\/#respond"]}]},{"@type":"WebPage","@id":"https:\/\/celebikurye.com\/tr\/istanbul-kurye-ilceleri\/buyukcekmece-de-kurye\/","url":"https:\/\/celebikurye.com\/tr\/istanbul-kurye-ilceleri\/buyukcekmece-de-kurye\/","name":"B\u00fcy\u00fck\u00e7ekmece de kurye - \u00c7elebi Kurye - 0542 600 9876 - Zaman Kazand\u0131r\u0131r","isPartOf":{"@id":"https:\/\/celebikurye.com\/tr\/#website"},"primaryImageOfPage":{"@id":"https:\/\/celebikurye.com\/tr\/istanbul-kurye-ilceleri\/buyukcekmece-de-kurye\/#primaryimage"},"image":{"@id":"https:\/\/celebikurye.com\/tr\/istanbul-kurye-ilceleri\/buyukcekmece-de-kurye\/#primaryimage"},"thumbnailUrl":"https:\/\/celebikurye.com\/tr\/wp-content\/uploads\/2022\/08\/buyukcekmece_de-kurye-cagir.jpg","datePublished":"2022-06-05T15:59:52+00:00","dateModified":"2022-08-12T16:08:44+00:00","author":{"@id":"https:\/\/celebikurye.com\/tr\/#\/schema\/person\/6936cecf075d4229326ed978f353764d"},"description":"B\u00fcy\u00fck\u00e7ekmece de Kurye, \u0130stanbul' da kalabal\u0131\u011f\u0131n sakinle\u015fti\u011fi bir il\u00e7edir. Yaz mevsiminde g\u00f6nderimlerin artt\u0131\u011f\u0131 b\u00f6lgedir.","breadcrumb":{"@id":"https:\/\/celebikurye.com\/tr\/istanbul-kurye-ilceleri\/buyukcekmece-de-kurye\/#breadcrumb"},"inLanguage":"tr","potentialAction":[{"@type":"ReadAction","target":["https:\/\/celebikurye.com\/tr\/istanbul-kurye-ilceleri\/buyukcekmece-de-kurye\/"]}]},{"@type":"ImageObject","inLanguage":"tr","@id":"https:\/\/celebikurye.com\/tr\/istanbul-kurye-ilceleri\/buyukcekmece-de-kurye\/#primaryimage","url":"https:\/\/celebikurye.com\/tr\/wp-content\/uploads\/2022\/08\/buyukcekmece_de-kurye-cagir.jpg","contentUrl":"https:\/\/celebikurye.com\/tr\/wp-content\/uploads\/2022\/08\/buyukcekmece_de-kurye-cagir.jpg","width":800,"height":500},{"@type":"BreadcrumbList","@id":"https:\/\/celebikurye.com\/tr\/istanbul-kurye-ilceleri\/buyukcekmece-de-kurye\/#breadcrumb","itemListElement":[{"@type":"ListItem","position":1,"name":"Anasayfa","item":"https:\/\/celebikurye.com\/tr\/"},{"@type":"ListItem","position":2,"name":"B\u00fcy\u00fck\u00e7ekmece de kurye"}]},{"@type":"WebSite","@id":"https:\/\/celebikurye.com\/tr\/#website","url":"https:\/\/celebikurye.com\/tr\/","name":"\u00c7elebi Kurye - 0542 600 9876 - Zaman Kazand\u0131r\u0131r","description":"Zaman Kazand\u0131r\u0131r","potentialAction":[{"@type":"SearchAction","target":{"@type":"EntryPoint","urlTemplate":"https:\/\/celebikurye.com\/tr\/?s={search_term_string}"},"query-input":{"@type":"PropertyValueSpecification","valueRequired":true,"valueName":"search_term_string"}}],"inLanguage":"tr"},{"@type":"Person","@id":"https:\/\/celebikurye.com\/tr\/#\/schema\/person\/6936cecf075d4229326ed978f353764d","name":"epbilisim","image":{"@type":"ImageObject","inLanguage":"tr","@id":"https:\/\/secure.gravatar.com\/avatar\/6b53c25b9270d170ef20c514a1f15019195e26e66baa473d86f41e5d76890ae8?s=96&d=mm&r=g","url":"https:\/\/secure.gravatar.com\/avatar\/6b53c25b9270d170ef20c514a1f15019195e26e66baa473d86f41e5d76890ae8?s=96&d=mm&r=g","contentUrl":"https:\/\/secure.gravatar.com\/avatar\/6b53c25b9270d170ef20c514a1f15019195e26e66baa473d86f41e5d76890ae8?s=96&d=mm&r=g","caption":"epbilisim"},"sameAs":["https:\/\/celebikurye.com\/tr"],"url":"https:\/\/celebikurye.com\/tr\/author\/epbilisim\/"}]}},"_links":{"self":[{"href":"https:\/\/celebikurye.com\/tr\/wp-json\/wp\/v2\/posts\/2404","targetHints":{"allow":["GET"]}}],"collection":[{"href":"https:\/\/celebikurye.com\/tr\/wp-json\/wp\/v2\/posts"}],"about":[{"href":"https:\/\/celebikurye.com\/tr\/wp-json\/wp\/v2\/types\/post"}],"author":[{"embeddable":true,"href":"https:\/\/celebikurye.com\/tr\/wp-json\/wp\/v2\/users\/1"}],"replies":[{"embeddable":true,"href":"https:\/\/celebikurye.com\/tr\/wp-json\/wp\/v2\/comments?post=2404"}],"version-history":[{"count":1,"href":"https:\/\/celebikurye.com\/tr\/wp-json\/wp\/v2\/posts\/2404\/revisions"}],"predecessor-version":[{"id":2407,"href":"https:\/\/celebikurye.com\/tr\/wp-json\/wp\/v2\/posts\/2404\/revisions\/2407"}],"wp:featuredmedia":[{"embeddable":true,"href":"https:\/\/celebikurye.com\/tr\/wp-json\/wp\/v2\/media\/2405"}],"wp:attachment":[{"href":"https:\/\/celebikurye.com\/tr\/wp-json\/wp\/v2\/media?parent=2404"}],"wp:term":[{"taxonomy":"category","embeddable":true,"href":"https:\/\/celebikurye.com\/tr\/wp-json\/wp\/v2\/categories?post=2404"},{"taxonomy":"post_tag","embeddable":true,"href":"https:\/\/celebikurye.com\/tr\/wp-json\/wp\/v2\/tags?post=2404"}],"curies":[{"name":"wp","href":"https:\/\/api.w.org\/{rel}","templated":true}]}}