{"id":2400,"date":"2022-05-22T13:39:09","date_gmt":"2022-05-22T10:39:09","guid":{"rendered":"https:\/\/celebikurye.com\/tr\/?p=2400"},"modified":"2022-08-10T13:48:01","modified_gmt":"2022-08-10T10:48:01","slug":"kartal-da-kurye","status":"publish","type":"post","link":"https:\/\/celebikurye.com\/tr\/istanbul-kurye-ilceleri\/kartal-da-kurye\/","title":{"rendered":"Kartal da kurye"},"content":{"rendered":"<p>Kartal da kurye, \u0130stanbul&#8217; un kalabal\u0131k il\u00e7elerinden biridir. B\u00f6lgede ticari ve bireysel kurye kullan\u0131m\u0131 y\u00fcksek seviyede olmaktad\u0131r. \u00d6zellikle D100 karayolu \u00fcst b\u00f6l\u00fcm\u00fcnde bulunan yeni yerle\u015fim alanlar\u0131 bireysel kurye kullan\u0131m\u0131n\u0131 artt\u0131rmaktad\u0131r. \u015eirket merkezlerinin bulundu\u011fu plazalar b\u00f6lgesi ise ticari kurye kullan\u0131m\u0131nda \u00f6nemli bir seviyededir.<\/p>\n<p>Kartal \u0130stanbul&#8217; un do\u011fusunda Anadolu yakas\u0131nda bulunmaktad\u0131r. Maltepe, <a href=\"#sancaktepe_de_kurye_\u00e7a\u011f\u0131r\">Sancaktepe<\/a>, <a href=\"https:\/\/kuryeminteli.com\/bolgeler\/ilceler\/sultanbeyli\/\" target=\"_blank\" rel=\"noopener\">Sultanbeyli<\/a> ve <a href=\"#pendik_kurye\">Pendik<\/a> il\u00e7eleri ile kom\u015fu konumdad\u0131r. \u00d6zellikle kuzey b\u00f6lgelerde bulunan sanayile\u015fmenin olu\u015fturdu\u011fu yerle\u015fimle kalabal\u0131kla\u015fm\u0131\u015ft\u0131r. 48bin metrekare Y\u00fcz\u00f6l\u00e7\u00fcm\u00fc ile 470bin lik n\u00fcfusu kalabal\u0131k bir il\u00e7e haline gelmektedir. Bu s\u0131k\u0131\u015f\u0131k ve kalabal\u0131k d\u00fczende trafik te olumsuz etkilenmektedir. Ula\u015f\u0131m\u0131n hat boyunca metro ile yap\u0131labiliyor olmas\u0131 bireysel kurye ta\u015f\u0131mac\u0131l\u0131\u011f\u0131nda hafifleme yapmaktad\u0131r. Ancak Ticari kurye ta\u015f\u0131mac\u0131l\u0131\u011f\u0131 expres kurye nin daha \u00e7ok kullan\u0131lmas\u0131n\u0131 sa\u011flamaktad\u0131r.<\/p>\n<p><img decoding=\"async\" class=\"lazyload size-full wp-image-2402 alignleft\" src=\"https:\/\/celebikurye.com\/tr\/wp-content\/uploads\/2022\/08\/kartal-kurye.jpg\" data-orig-src=\"https:\/\/celebikurye.com\/tr\/wp-content\/uploads\/2022\/08\/kartal-kurye.jpg\" alt=\"\" width=\"400\" height=\"600\" srcset=\"data:image\/svg+xml,%3Csvg%20xmlns%3D%27http%3A%2F%2Fwww.w3.org%2F2000%2Fsvg%27%20width%3D%27400%27%20height%3D%27600%27%20viewBox%3D%270%200%20400%20600%27%3E%3Crect%20width%3D%27400%27%20height%3D%27600%27%20fill-opacity%3D%220%22%2F%3E%3C%2Fsvg%3E\" data-srcset=\"https:\/\/celebikurye.com\/tr\/wp-content\/uploads\/2022\/08\/kartal-kurye-200x300.jpg 200w, https:\/\/celebikurye.com\/tr\/wp-content\/uploads\/2022\/08\/kartal-kurye.jpg 400w\" data-sizes=\"auto\" data-orig-sizes=\"(max-width: 400px) 100vw, 400px\" \/>Mahalle d\u00fczeni olarak <a href=\"#atalar_mahallesi_kurye\">Atalar<\/a>, <a href=\"#petrol-i\u015f_mahallesi_kurye\">Petrol-i\u015f<\/a> , <a href=\"#karl\u0131ktepe_mahallesi_kurye\">Karl\u0131k tepe<\/a> yerle\u015fim yeri olarak g\u00f6r\u00fclmektedir. bu b\u00f6lgeler her ne kadar metroya yak\u0131n olsa da kurye kullan\u0131m\u0131 \u00f6nemli seviyededir. bireysel kurye kullan\u0131m\u0131 ile hediyelik e\u015fya ve e-ticaret sekt\u00f6r\u00fcnde kurye g\u00f6nderimi yap\u0131lmaktad\u0131r. Kordon boyu sahil kesimini kapsad\u0131\u011f\u0131 i\u00e7in bu b\u00f6lgede de kurye kullan\u0131m\u0131 g\u00f6r\u00fclmektedir.<\/p>\n<p><a href=\"#cevizli_mahallesi_kurye\">Cevizli<\/a> , <a href=\"#esentepe_kurye\">Esentepe<\/a> ve <a href=\"#topselvi_kurye\">Top Selvi<\/a> mahalleleri \u00f6zellikle plazalar yap\u0131lmaya ba\u015fland\u0131ktan sonra i\u015fyeri merkezleri olarak faaliyet g\u00f6stermeye ba\u015flad\u0131lar. Bu b\u00f6lgelerden \u0130stanbul ve Marmara&#8217;n\u0131n her yerine ticari olarak kurye g\u00f6nderimi yap\u0131labilmektedir. Tabiki ticari g\u00f6nderimler Express olarak kay\u0131t edilmektedir. Bu b\u00f6lgede hukuk ve g\u00fcmr\u00fckleme \u015firketleri <a href=\"#adliye_kurye\">\u00c7a\u011flayan adliyesi<\/a> ve <a href=\"#\u00e7atalca_kurye\">\u00e7atalca g\u00fcmr\u00fck b\u00f6lgesine<\/a> <a href=\"#expres_kurye_\u00e7a\u011f\u0131r\">Express kurye<\/a> g\u00f6nderebilmektedir.<\/p>\n<h3>Hastane civar\u0131 Eczane Kurye si<\/h3>\n<p>Kartal e\u011fitim ve ara\u015ft\u0131rma hastanesi civar\u0131nda g\u00fcn\u00fcn her saati <a href=\"#eczane_kuryesi\">eczane kuryesi<\/a> talep edilebilmektedir. Mesai haricinde de bu b\u00f6lgede kurye bulundurmak kurye \u015firketlerinin avantajl\u0131 duruma ge\u00e7mesi demektir.<\/p>\n<p>D100 karayolu \u00fcst taraf\u0131nda bulunan G\u00fcm\u00fc\u015fp\u0131nar , <a href=\"#yakac\u0131k_ta_kurye\">Yakac\u0131k<\/a> , U\u011fur Mumcu mahalleleri tamamen sitele\u015fme ve ikamet \u00fczerine kurulmu\u015ftur. Bu b\u00f6lgelerden Kartal da Kurye bireysel kurye ve online sat\u0131\u015f siteleri teslimatlar\u0131 yap\u0131lmaktad\u0131r. Normal kurye g\u00f6nderisi olarak bolca kay\u0131t al\u0131nabilmektedir. Ayr\u0131ca unutulmu\u015f anahtardan pasaporta kadar bir\u00e7ok acil durum ihtiyac\u0131 da kuryeler taraf\u0131ndan sa\u011flanabilmektedir.<\/p>\n<p>\u015eehrin en g\u00fczel manzaral\u0131 b\u00f6lgelerinden olan Kartal tepeleri ise bu b\u00f6lgeye gelen kuryelerin biraz soluklanmas\u0131na f\u0131rsat verecek dinlence yerlerine sahiptir.<\/p>\n<p>&nbsp;<\/p>\n","protected":false},"excerpt":{"rendered":"<p>Kartal \u0130stanbul&#8217; un do\u011fusunda Anadolu yakas\u0131nda bulunmaktad\u0131r. Maltepe, Sancaktepe, Sultanbeyli ve Pendik il\u00e7eleri ile kom\u015fu konumdad\u0131r. \u00d6zellikle kuzey b\u00f6lgelerde bulunan sanayile\u015fmenin olu\u015fturdu\u011fu yerle\u015fimle kalabal\u0131kla\u015fm\u0131\u015ft\u0131r.<\/p>\n","protected":false},"author":1,"featured_media":2401,"comment_status":"open","ping_status":"open","sticky":false,"template":"","format":"standard","meta":{"footnotes":""},"categories":[9],"tags":[109,107,100,106,110,108],"class_list":["post-2400","post","type-post","status-publish","format-standard","has-post-thumbnail","hentry","category-istanbul-kurye-ilceleri","tag-atalar-da-kurye","tag-cevizli-de-kurye","tag-expres-kurye","tag-kartal-da-kurye","tag-ugur-mumcu-kurye","tag-yakacik-ta-kurye"],"yoast_head":"<!-- This site is optimized with the Yoast SEO plugin v27.3 - https:\/\/yoast.com\/product\/yoast-seo-wordpress\/ -->\n<title>Kartal da kurye - \u00c7elebi Kurye - 0542 600 9876 - Zaman Kazand\u0131r\u0131r<\/title>\n<meta name=\"description\" content=\"Kartal da kurye, \u0130stanbul&#039; un kalabal\u0131k il\u00e7elerinden biridir. B\u00f6lgede ticari ve bireysel kurye kullan\u0131m\u0131 y\u00fcksek seviyede olmaktad\u0131r.\" \/>\n<meta name=\"robots\" content=\"index, follow, max-snippet:-1, max-image-preview:large, max-video-preview:-1\" \/>\n<link rel=\"canonical\" href=\"https:\/\/celebikurye.com\/tr\/istanbul-kurye-ilceleri\/kartal-da-kurye\/\" \/>\n<meta property=\"og:locale\" content=\"tr_TR\" \/>\n<meta property=\"og:type\" content=\"article\" \/>\n<meta property=\"og:title\" content=\"Kartal da kurye - \u00c7elebi Kurye - 0542 600 9876 - Zaman Kazand\u0131r\u0131r\" \/>\n<meta property=\"og:description\" content=\"Kartal da kurye, \u0130stanbul&#039; un kalabal\u0131k il\u00e7elerinden biridir. B\u00f6lgede ticari ve bireysel kurye kullan\u0131m\u0131 y\u00fcksek seviyede olmaktad\u0131r.\" \/>\n<meta property=\"og:url\" content=\"https:\/\/celebikurye.com\/tr\/istanbul-kurye-ilceleri\/kartal-da-kurye\/\" \/>\n<meta property=\"og:site_name\" content=\"\u00c7elebi Kurye - 0542 600 9876 - Zaman Kazand\u0131r\u0131r\" \/>\n<meta property=\"article:published_time\" content=\"2022-05-22T10:39:09+00:00\" \/>\n<meta property=\"article:modified_time\" content=\"2022-08-10T10:48:01+00:00\" \/>\n<meta property=\"og:image\" content=\"https:\/\/celebikurye.com\/tr\/wp-content\/uploads\/2022\/08\/kartal-da-kurye-cagir.jpg\" \/>\n\t<meta property=\"og:image:width\" content=\"800\" \/>\n\t<meta property=\"og:image:height\" content=\"500\" \/>\n\t<meta property=\"og:image:type\" content=\"image\/jpeg\" \/>\n<meta name=\"author\" content=\"epbilisim\" \/>\n<meta name=\"twitter:card\" content=\"summary_large_image\" \/>\n<meta name=\"twitter:label1\" content=\"Yazan:\" \/>\n\t<meta name=\"twitter:data1\" content=\"epbilisim\" \/>\n\t<meta name=\"twitter:label2\" content=\"Tahmini okuma s\u00fcresi\" \/>\n\t<meta name=\"twitter:data2\" content=\"3 dakika\" \/>\n<script type=\"application\/ld+json\" class=\"yoast-schema-graph\">{\"@context\":\"https:\\\/\\\/schema.org\",\"@graph\":[{\"@type\":\"Article\",\"@id\":\"https:\\\/\\\/celebikurye.com\\\/tr\\\/istanbul-kurye-ilceleri\\\/kartal-da-kurye\\\/#article\",\"isPartOf\":{\"@id\":\"https:\\\/\\\/celebikurye.com\\\/tr\\\/istanbul-kurye-ilceleri\\\/kartal-da-kurye\\\/\"},\"author\":{\"name\":\"epbilisim\",\"@id\":\"https:\\\/\\\/celebikurye.com\\\/tr\\\/#\\\/schema\\\/person\\\/6936cecf075d4229326ed978f353764d\"},\"headline\":\"Kartal da kurye\",\"datePublished\":\"2022-05-22T10:39:09+00:00\",\"dateModified\":\"2022-08-10T10:48:01+00:00\",\"mainEntityOfPage\":{\"@id\":\"https:\\\/\\\/celebikurye.com\\\/tr\\\/istanbul-kurye-ilceleri\\\/kartal-da-kurye\\\/\"},\"wordCount\":442,\"commentCount\":0,\"image\":{\"@id\":\"https:\\\/\\\/celebikurye.com\\\/tr\\\/istanbul-kurye-ilceleri\\\/kartal-da-kurye\\\/#primaryimage\"},\"thumbnailUrl\":\"https:\\\/\\\/celebikurye.com\\\/tr\\\/wp-content\\\/uploads\\\/2022\\\/08\\\/kartal-da-kurye-cagir.jpg\",\"keywords\":[\"Atalar da kurye\",\"Cevizli de kurye\",\"expres kurye\",\"Kartal da kurye\",\"U\u011fur mumcu kurye\",\"Yakac\u0131k ta kurye\"],\"articleSection\":[\"\u0130l\u00e7eler\"],\"inLanguage\":\"tr\",\"potentialAction\":[{\"@type\":\"CommentAction\",\"name\":\"Comment\",\"target\":[\"https:\\\/\\\/celebikurye.com\\\/tr\\\/istanbul-kurye-ilceleri\\\/kartal-da-kurye\\\/#respond\"]}]},{\"@type\":\"WebPage\",\"@id\":\"https:\\\/\\\/celebikurye.com\\\/tr\\\/istanbul-kurye-ilceleri\\\/kartal-da-kurye\\\/\",\"url\":\"https:\\\/\\\/celebikurye.com\\\/tr\\\/istanbul-kurye-ilceleri\\\/kartal-da-kurye\\\/\",\"name\":\"Kartal da kurye - \u00c7elebi Kurye - 0542 600 9876 - Zaman Kazand\u0131r\u0131r\",\"isPartOf\":{\"@id\":\"https:\\\/\\\/celebikurye.com\\\/tr\\\/#website\"},\"primaryImageOfPage\":{\"@id\":\"https:\\\/\\\/celebikurye.com\\\/tr\\\/istanbul-kurye-ilceleri\\\/kartal-da-kurye\\\/#primaryimage\"},\"image\":{\"@id\":\"https:\\\/\\\/celebikurye.com\\\/tr\\\/istanbul-kurye-ilceleri\\\/kartal-da-kurye\\\/#primaryimage\"},\"thumbnailUrl\":\"https:\\\/\\\/celebikurye.com\\\/tr\\\/wp-content\\\/uploads\\\/2022\\\/08\\\/kartal-da-kurye-cagir.jpg\",\"datePublished\":\"2022-05-22T10:39:09+00:00\",\"dateModified\":\"2022-08-10T10:48:01+00:00\",\"author\":{\"@id\":\"https:\\\/\\\/celebikurye.com\\\/tr\\\/#\\\/schema\\\/person\\\/6936cecf075d4229326ed978f353764d\"},\"description\":\"Kartal da kurye, \u0130stanbul' un kalabal\u0131k il\u00e7elerinden biridir. B\u00f6lgede ticari ve bireysel kurye kullan\u0131m\u0131 y\u00fcksek seviyede olmaktad\u0131r.\",\"breadcrumb\":{\"@id\":\"https:\\\/\\\/celebikurye.com\\\/tr\\\/istanbul-kurye-ilceleri\\\/kartal-da-kurye\\\/#breadcrumb\"},\"inLanguage\":\"tr\",\"potentialAction\":[{\"@type\":\"ReadAction\",\"target\":[\"https:\\\/\\\/celebikurye.com\\\/tr\\\/istanbul-kurye-ilceleri\\\/kartal-da-kurye\\\/\"]}]},{\"@type\":\"ImageObject\",\"inLanguage\":\"tr\",\"@id\":\"https:\\\/\\\/celebikurye.com\\\/tr\\\/istanbul-kurye-ilceleri\\\/kartal-da-kurye\\\/#primaryimage\",\"url\":\"https:\\\/\\\/celebikurye.com\\\/tr\\\/wp-content\\\/uploads\\\/2022\\\/08\\\/kartal-da-kurye-cagir.jpg\",\"contentUrl\":\"https:\\\/\\\/celebikurye.com\\\/tr\\\/wp-content\\\/uploads\\\/2022\\\/08\\\/kartal-da-kurye-cagir.jpg\",\"width\":800,\"height\":500},{\"@type\":\"BreadcrumbList\",\"@id\":\"https:\\\/\\\/celebikurye.com\\\/tr\\\/istanbul-kurye-ilceleri\\\/kartal-da-kurye\\\/#breadcrumb\",\"itemListElement\":[{\"@type\":\"ListItem\",\"position\":1,\"name\":\"Anasayfa\",\"item\":\"https:\\\/\\\/celebikurye.com\\\/tr\\\/\"},{\"@type\":\"ListItem\",\"position\":2,\"name\":\"Kartal da kurye\"}]},{\"@type\":\"WebSite\",\"@id\":\"https:\\\/\\\/celebikurye.com\\\/tr\\\/#website\",\"url\":\"https:\\\/\\\/celebikurye.com\\\/tr\\\/\",\"name\":\"\u00c7elebi Kurye - 0542 600 9876 - Zaman Kazand\u0131r\u0131r\",\"description\":\"Zaman Kazand\u0131r\u0131r\",\"potentialAction\":[{\"@type\":\"SearchAction\",\"target\":{\"@type\":\"EntryPoint\",\"urlTemplate\":\"https:\\\/\\\/celebikurye.com\\\/tr\\\/?s={search_term_string}\"},\"query-input\":{\"@type\":\"PropertyValueSpecification\",\"valueRequired\":true,\"valueName\":\"search_term_string\"}}],\"inLanguage\":\"tr\"},{\"@type\":\"Person\",\"@id\":\"https:\\\/\\\/celebikurye.com\\\/tr\\\/#\\\/schema\\\/person\\\/6936cecf075d4229326ed978f353764d\",\"name\":\"epbilisim\",\"image\":{\"@type\":\"ImageObject\",\"inLanguage\":\"tr\",\"@id\":\"https:\\\/\\\/secure.gravatar.com\\\/avatar\\\/6b53c25b9270d170ef20c514a1f15019195e26e66baa473d86f41e5d76890ae8?s=96&d=mm&r=g\",\"url\":\"https:\\\/\\\/secure.gravatar.com\\\/avatar\\\/6b53c25b9270d170ef20c514a1f15019195e26e66baa473d86f41e5d76890ae8?s=96&d=mm&r=g\",\"contentUrl\":\"https:\\\/\\\/secure.gravatar.com\\\/avatar\\\/6b53c25b9270d170ef20c514a1f15019195e26e66baa473d86f41e5d76890ae8?s=96&d=mm&r=g\",\"caption\":\"epbilisim\"},\"sameAs\":[\"https:\\\/\\\/celebikurye.com\\\/tr\"],\"url\":\"https:\\\/\\\/celebikurye.com\\\/tr\\\/author\\\/epbilisim\\\/\"}]}<\/script>\n<!-- \/ Yoast SEO plugin. -->","yoast_head_json":{"title":"Kartal da kurye - \u00c7elebi Kurye - 0542 600 9876 - Zaman Kazand\u0131r\u0131r","description":"Kartal da kurye, \u0130stanbul' un kalabal\u0131k il\u00e7elerinden biridir. B\u00f6lgede ticari ve bireysel kurye kullan\u0131m\u0131 y\u00fcksek seviyede olmaktad\u0131r.","robots":{"index":"index","follow":"follow","max-snippet":"max-snippet:-1","max-image-preview":"max-image-preview:large","max-video-preview":"max-video-preview:-1"},"canonical":"https:\/\/celebikurye.com\/tr\/istanbul-kurye-ilceleri\/kartal-da-kurye\/","og_locale":"tr_TR","og_type":"article","og_title":"Kartal da kurye - \u00c7elebi Kurye - 0542 600 9876 - Zaman Kazand\u0131r\u0131r","og_description":"Kartal da kurye, \u0130stanbul' un kalabal\u0131k il\u00e7elerinden biridir. B\u00f6lgede ticari ve bireysel kurye kullan\u0131m\u0131 y\u00fcksek seviyede olmaktad\u0131r.","og_url":"https:\/\/celebikurye.com\/tr\/istanbul-kurye-ilceleri\/kartal-da-kurye\/","og_site_name":"\u00c7elebi Kurye - 0542 600 9876 - Zaman Kazand\u0131r\u0131r","article_published_time":"2022-05-22T10:39:09+00:00","article_modified_time":"2022-08-10T10:48:01+00:00","og_image":[{"width":800,"height":500,"url":"https:\/\/celebikurye.com\/tr\/wp-content\/uploads\/2022\/08\/kartal-da-kurye-cagir.jpg","type":"image\/jpeg"}],"author":"epbilisim","twitter_card":"summary_large_image","twitter_misc":{"Yazan:":"epbilisim","Tahmini okuma s\u00fcresi":"3 dakika"},"schema":{"@context":"https:\/\/schema.org","@graph":[{"@type":"Article","@id":"https:\/\/celebikurye.com\/tr\/istanbul-kurye-ilceleri\/kartal-da-kurye\/#article","isPartOf":{"@id":"https:\/\/celebikurye.com\/tr\/istanbul-kurye-ilceleri\/kartal-da-kurye\/"},"author":{"name":"epbilisim","@id":"https:\/\/celebikurye.com\/tr\/#\/schema\/person\/6936cecf075d4229326ed978f353764d"},"headline":"Kartal da kurye","datePublished":"2022-05-22T10:39:09+00:00","dateModified":"2022-08-10T10:48:01+00:00","mainEntityOfPage":{"@id":"https:\/\/celebikurye.com\/tr\/istanbul-kurye-ilceleri\/kartal-da-kurye\/"},"wordCount":442,"commentCount":0,"image":{"@id":"https:\/\/celebikurye.com\/tr\/istanbul-kurye-ilceleri\/kartal-da-kurye\/#primaryimage"},"thumbnailUrl":"https:\/\/celebikurye.com\/tr\/wp-content\/uploads\/2022\/08\/kartal-da-kurye-cagir.jpg","keywords":["Atalar da kurye","Cevizli de kurye","expres kurye","Kartal da kurye","U\u011fur mumcu kurye","Yakac\u0131k ta kurye"],"articleSection":["\u0130l\u00e7eler"],"inLanguage":"tr","potentialAction":[{"@type":"CommentAction","name":"Comment","target":["https:\/\/celebikurye.com\/tr\/istanbul-kurye-ilceleri\/kartal-da-kurye\/#respond"]}]},{"@type":"WebPage","@id":"https:\/\/celebikurye.com\/tr\/istanbul-kurye-ilceleri\/kartal-da-kurye\/","url":"https:\/\/celebikurye.com\/tr\/istanbul-kurye-ilceleri\/kartal-da-kurye\/","name":"Kartal da kurye - \u00c7elebi Kurye - 0542 600 9876 - Zaman Kazand\u0131r\u0131r","isPartOf":{"@id":"https:\/\/celebikurye.com\/tr\/#website"},"primaryImageOfPage":{"@id":"https:\/\/celebikurye.com\/tr\/istanbul-kurye-ilceleri\/kartal-da-kurye\/#primaryimage"},"image":{"@id":"https:\/\/celebikurye.com\/tr\/istanbul-kurye-ilceleri\/kartal-da-kurye\/#primaryimage"},"thumbnailUrl":"https:\/\/celebikurye.com\/tr\/wp-content\/uploads\/2022\/08\/kartal-da-kurye-cagir.jpg","datePublished":"2022-05-22T10:39:09+00:00","dateModified":"2022-08-10T10:48:01+00:00","author":{"@id":"https:\/\/celebikurye.com\/tr\/#\/schema\/person\/6936cecf075d4229326ed978f353764d"},"description":"Kartal da kurye, \u0130stanbul' un kalabal\u0131k il\u00e7elerinden biridir. B\u00f6lgede ticari ve bireysel kurye kullan\u0131m\u0131 y\u00fcksek seviyede olmaktad\u0131r.","breadcrumb":{"@id":"https:\/\/celebikurye.com\/tr\/istanbul-kurye-ilceleri\/kartal-da-kurye\/#breadcrumb"},"inLanguage":"tr","potentialAction":[{"@type":"ReadAction","target":["https:\/\/celebikurye.com\/tr\/istanbul-kurye-ilceleri\/kartal-da-kurye\/"]}]},{"@type":"ImageObject","inLanguage":"tr","@id":"https:\/\/celebikurye.com\/tr\/istanbul-kurye-ilceleri\/kartal-da-kurye\/#primaryimage","url":"https:\/\/celebikurye.com\/tr\/wp-content\/uploads\/2022\/08\/kartal-da-kurye-cagir.jpg","contentUrl":"https:\/\/celebikurye.com\/tr\/wp-content\/uploads\/2022\/08\/kartal-da-kurye-cagir.jpg","width":800,"height":500},{"@type":"BreadcrumbList","@id":"https:\/\/celebikurye.com\/tr\/istanbul-kurye-ilceleri\/kartal-da-kurye\/#breadcrumb","itemListElement":[{"@type":"ListItem","position":1,"name":"Anasayfa","item":"https:\/\/celebikurye.com\/tr\/"},{"@type":"ListItem","position":2,"name":"Kartal da kurye"}]},{"@type":"WebSite","@id":"https:\/\/celebikurye.com\/tr\/#website","url":"https:\/\/celebikurye.com\/tr\/","name":"\u00c7elebi Kurye - 0542 600 9876 - Zaman Kazand\u0131r\u0131r","description":"Zaman Kazand\u0131r\u0131r","potentialAction":[{"@type":"SearchAction","target":{"@type":"EntryPoint","urlTemplate":"https:\/\/celebikurye.com\/tr\/?s={search_term_string}"},"query-input":{"@type":"PropertyValueSpecification","valueRequired":true,"valueName":"search_term_string"}}],"inLanguage":"tr"},{"@type":"Person","@id":"https:\/\/celebikurye.com\/tr\/#\/schema\/person\/6936cecf075d4229326ed978f353764d","name":"epbilisim","image":{"@type":"ImageObject","inLanguage":"tr","@id":"https:\/\/secure.gravatar.com\/avatar\/6b53c25b9270d170ef20c514a1f15019195e26e66baa473d86f41e5d76890ae8?s=96&d=mm&r=g","url":"https:\/\/secure.gravatar.com\/avatar\/6b53c25b9270d170ef20c514a1f15019195e26e66baa473d86f41e5d76890ae8?s=96&d=mm&r=g","contentUrl":"https:\/\/secure.gravatar.com\/avatar\/6b53c25b9270d170ef20c514a1f15019195e26e66baa473d86f41e5d76890ae8?s=96&d=mm&r=g","caption":"epbilisim"},"sameAs":["https:\/\/celebikurye.com\/tr"],"url":"https:\/\/celebikurye.com\/tr\/author\/epbilisim\/"}]}},"_links":{"self":[{"href":"https:\/\/celebikurye.com\/tr\/wp-json\/wp\/v2\/posts\/2400","targetHints":{"allow":["GET"]}}],"collection":[{"href":"https:\/\/celebikurye.com\/tr\/wp-json\/wp\/v2\/posts"}],"about":[{"href":"https:\/\/celebikurye.com\/tr\/wp-json\/wp\/v2\/types\/post"}],"author":[{"embeddable":true,"href":"https:\/\/celebikurye.com\/tr\/wp-json\/wp\/v2\/users\/1"}],"replies":[{"embeddable":true,"href":"https:\/\/celebikurye.com\/tr\/wp-json\/wp\/v2\/comments?post=2400"}],"version-history":[{"count":1,"href":"https:\/\/celebikurye.com\/tr\/wp-json\/wp\/v2\/posts\/2400\/revisions"}],"predecessor-version":[{"id":2403,"href":"https:\/\/celebikurye.com\/tr\/wp-json\/wp\/v2\/posts\/2400\/revisions\/2403"}],"wp:featuredmedia":[{"embeddable":true,"href":"https:\/\/celebikurye.com\/tr\/wp-json\/wp\/v2\/media\/2401"}],"wp:attachment":[{"href":"https:\/\/celebikurye.com\/tr\/wp-json\/wp\/v2\/media?parent=2400"}],"wp:term":[{"taxonomy":"category","embeddable":true,"href":"https:\/\/celebikurye.com\/tr\/wp-json\/wp\/v2\/categories?post=2400"},{"taxonomy":"post_tag","embeddable":true,"href":"https:\/\/celebikurye.com\/tr\/wp-json\/wp\/v2\/tags?post=2400"}],"curies":[{"name":"wp","href":"https:\/\/api.w.org\/{rel}","templated":true}]}}