{"id":2394,"date":"2022-05-12T11:24:08","date_gmt":"2022-05-12T08:24:08","guid":{"rendered":"https:\/\/celebikurye.com\/tr\/?p=2394"},"modified":"2022-08-08T11:34:29","modified_gmt":"2022-08-08T08:34:29","slug":"tuzla-da-kurye","status":"publish","type":"post","link":"https:\/\/celebikurye.com\/tr\/istanbul-kurye-ilceleri\/tuzla-da-kurye\/","title":{"rendered":"Tuzla da Kurye"},"content":{"rendered":"<p>Tuzla da Kurye, \u0130stanbul&#8217; un Anadolu&#8217;ya a\u00e7\u0131lan kap\u0131s\u0131 ve sanayile\u015fmenin yeni merkezlerinden biridir. B\u00f6lgenin her ge\u00e7en g\u00fcn <a href=\"#celebi_kurye\">\u00c7elebi Kurye<\/a> trafi\u011fi artmaktad\u0131r. Ticaret ve sanayi b\u00f6lgelerinin artmas\u0131 yerle\u015fimin de \u00e7o\u011falmas\u0131na sebep vermektedir. Dolay\u0131s\u0131 ile hem bireysel hem ticari kurye g\u00f6nderi say\u0131s\u0131 artmaktad\u0131r.<\/p>\n<p>Tuzla, \u0130stanbul&#8217;un en do\u011fusunda bulunan il\u00e7esidir. T\u00fcrkiye&#8217;nin orta derecede kalabal\u0131k n\u00fcfuslu il\u00e7elerinden biridir. Ayr\u0131ca T\u00fcrkiye&#8217;nin en b\u00fcy\u00fck tersaneler b\u00f6lgesi Tuzla&#8217;da bulunmaktad\u0131r. Marmara denizine olan k\u0131y\u0131s\u0131 ile onlarca tersanenin ve gemi in\u015fa sekt\u00f6r\u00fcn\u00fcn i\u015fletmeleri bu b\u00f6lgede bulunmaktad\u0131r. Proje as\u0131llar\u0131 ve personel evraklar\u0131 kurye ile \u015fehir i\u00e7ine g\u00f6nderilmektedir. Sefere yak\u0131n gemilerin evrak i\u015fleri i\u00e7in <a href=\"#expres_kurye\">Express kurye<\/a> s\u00fcrekli kullan\u0131lmaktad\u0131r.<\/p>\n<p><img decoding=\"async\" class=\"lazyload size-full wp-image-2396 alignleft\" src=\"https:\/\/celebikurye.com\/tr\/wp-content\/uploads\/2022\/08\/tuzla-kurye.jpg\" data-orig-src=\"https:\/\/celebikurye.com\/tr\/wp-content\/uploads\/2022\/08\/tuzla-kurye.jpg\" alt=\"\" width=\"400\" height=\"600\" srcset=\"data:image\/svg+xml,%3Csvg%20xmlns%3D%27http%3A%2F%2Fwww.w3.org%2F2000%2Fsvg%27%20width%3D%27400%27%20height%3D%27600%27%20viewBox%3D%270%200%20400%20600%27%3E%3Crect%20width%3D%27400%27%20height%3D%27600%27%20fill-opacity%3D%220%22%2F%3E%3C%2Fsvg%3E\" data-srcset=\"https:\/\/celebikurye.com\/tr\/wp-content\/uploads\/2022\/08\/tuzla-kurye-200x300.jpg 200w, https:\/\/celebikurye.com\/tr\/wp-content\/uploads\/2022\/08\/tuzla-kurye.jpg 400w\" data-sizes=\"auto\" data-orig-sizes=\"(max-width: 400px) 100vw, 400px\" \/>\u0130stanbul Tuzla il\u00e7esinde 5 tane Organize Sanayi B\u00f6lgesi bulunmaktad\u0131r. Bu Organize Sanayi B\u00f6lgeleri, <a href=\"https:\/\/iayosb.com\/\">\u0130stanbul Anadolu Yakas\u0131 Organize Sanayi B\u00f6lgesi<\/a> (\u0130AYOSB), <a href=\"#tuzla_deri_sanayi_kurye\">\u0130stanbul Deri Organize Sanayi B\u00f6lgesi<\/a> (\u0130DOSB), Birlik Organize Sanayi B\u00f6lgesi (BOSB), \u0130stanbul-Tuzla Kimya Sanayicileri Organize Sanayi B\u00f6lgesi (KOSB), \u0130stanbul Tuzla Organize Sanayi B\u00f6lgesi (\u0130TOSB) adlar\u0131 alt\u0131nda faaliyet g\u00f6stermekteler. \u00d6zellikle sanayi b\u00f6lgelerinde bulunan i\u015fletmeler hem zaman hem de ekonomik olmas\u0131 a\u00e7\u0131s\u0131ndan kurye hizmeti kullanmaktad\u0131rlar. Sanayi b\u00f6lgelerinin Otoyola yak\u0131nl\u0131\u011f\u0131 hizmetin daha da h\u0131zl\u0131 olmas\u0131na yard\u0131mc\u0131 olmaktad\u0131r.<\/p>\n<h3>Hem sahil hem sanayi b\u00f6lgesi<\/h3>\n<p>\u0130kamet i\u00e7in D100 karayolunun alt b\u00f6l\u00fcm\u00fcnde kalan <a href=\"#tuzla_istasyon_mahallesi_kurye_\u00e7a\u011f\u0131r\">\u0130stasyon<\/a> , <a href=\"#tuzla_pstahane_mahallesi_kurye_\u00e7a\u011f\u0131r\">Postahane<\/a> , Cami mahalleleri bireysel kurye kullan\u0131m\u0131nda \u00f6ne \u00e7\u0131kmaktad\u0131rlar. Bu b\u00f6lgelerde yeni yap\u0131lan dikey mimari siteler de kurye g\u00f6nderi say\u0131s\u0131n\u0131 artt\u0131rmaktad\u0131r. Ancak b\u00f6lgenin <a href=\"https:\/\/kuryeminteli.com\/bolgeler\/ilceler\/tuzla-kurye-kayit-sayisi-icin-etkili-bir-bolge-olmaya-basladi\/\" target=\"_blank\" rel=\"noopener\">kurye g\u00f6nderi pastas\u0131n\u0131n<\/a> b\u00fcy\u00fck b\u00f6l\u00fcm\u00fc D100 karayolunun \u00fcst taraf\u0131 olan <a href=\"#tuzla_akf\u0131rat_kurye\">Akf\u0131rat<\/a> , <a href=\"#tuzla_tepe\u00f6ren_kurye\">Tepe\u00f6ren<\/a> , <a href=\"#tuzla_ayd\u0131nl\u0131_kurye\">Ayd\u0131nl\u0131<\/a> , <a href=\"#tuzla_orhanl\u0131_kurye\">Orhanl\u0131<\/a> mahallelerinden gelmektedir.<\/p>\n<p>\u0130stanbul&#8217; un en do\u011fusunda bulunan Tuzla tabi ki kom\u015fusu Pendik ten ge\u00e7meden ula\u015f\u0131lmayan b\u00f6lgedir. Her iki il\u00e7e de ula\u015f\u0131m ve yerle\u015fim olarak son 10 y\u0131lda \u00e7ok geli\u015fmi\u015ftir. Yerle\u015fimin artmas\u0131 beraberinde trafik sorununu ortaya \u00e7\u0131karmaktad\u0131r. <a href=\"#sabiha_g\u00f6k\u00e7en_havaliman\u0131_kurye_\u00e7a\u011f\u0131r\">Sabiha G\u00f6k\u00e7en havaliman\u0131<\/a> da bu trafi\u011fin \u00f6nemli kaynaklar\u0131ndan olmaktad\u0131r.<\/p>\n<p>Kurye \u015firketleri b\u00f6lgeden gelebilecek kurye g\u00f6nderilerini ka\u00e7\u0131rmamak i\u00e7in b\u00f6lgede kurye bulundurmaktad\u0131rlar. Mesafenin \u015fehre uzak olmas\u0131 g\u00f6nderi kay\u0131tlar\u0131n\u0131n gecikece\u011fi anlam\u0131na gelmemektedir. Her ne kadar Tuzla extra b\u00f6lge olsa da sipari\u015f edilen kayd\u0131n en k\u0131sa s\u00fcrede al\u0131nmas\u0131 gerekmektedir. Normal kay\u0131t zamanlar\u0131 geni\u015fletti\u011fi i\u00e7in Express kay\u0131tlar Tuzla kurye ve \u00e7evresinde tercih edilebilmektedir.<\/p>\n","protected":false},"excerpt":{"rendered":"<p>Tuzla,  her ge\u00e7en g\u00fcn Kurye trafi\u011finin artt\u0131\u011f\u0131 \u00f6nemli bir b\u00f6lgedir. Ticaret ve sanayi b\u00f6lgelerinin artmas\u0131 yerle\u015fimin de \u00e7o\u011falmas\u0131na sebep vermektedir. Dolay\u0131s\u0131 ile hem bireysel hem ticari kurye g\u00f6nderi say\u0131s\u0131 artmaktad\u0131r.<\/p>\n","protected":false},"author":1,"featured_media":2395,"comment_status":"open","ping_status":"open","sticky":false,"template":"","format":"standard","meta":{"footnotes":""},"categories":[9],"tags":[103,100,102,105,104,101],"class_list":["post-2394","post","type-post","status-publish","format-standard","has-post-thumbnail","hentry","category-istanbul-kurye-ilceleri","tag-akfirat-kurye","tag-expres-kurye","tag-orhanli-kurye","tag-postahane-kurye","tag-tepeoren-kurye","tag-tuzla-kurye"],"yoast_head":"<!-- This site is optimized with the Yoast SEO plugin v27.3 - https:\/\/yoast.com\/product\/yoast-seo-wordpress\/ -->\n<title>Tuzla da Kurye - \u00c7elebi Kurye - 0542 600 9876 - Zaman Kazand\u0131r\u0131r<\/title>\n<meta name=\"description\" content=\"Tuzla da kurye Ticaret ve sanayi b\u00f6lgelerinin artmas\u0131 ile hem bireysel hem ticari kurye g\u00f6nderi say\u0131s\u0131 artmaktad\u0131r.\" \/>\n<meta name=\"robots\" content=\"index, follow, max-snippet:-1, max-image-preview:large, max-video-preview:-1\" \/>\n<link rel=\"canonical\" href=\"https:\/\/celebikurye.com\/tr\/istanbul-kurye-ilceleri\/tuzla-da-kurye\/\" \/>\n<meta property=\"og:locale\" content=\"tr_TR\" \/>\n<meta property=\"og:type\" content=\"article\" \/>\n<meta property=\"og:title\" content=\"Tuzla da Kurye - \u00c7elebi Kurye - 0542 600 9876 - Zaman Kazand\u0131r\u0131r\" \/>\n<meta property=\"og:description\" content=\"Tuzla da kurye Ticaret ve sanayi b\u00f6lgelerinin artmas\u0131 ile hem bireysel hem ticari kurye g\u00f6nderi say\u0131s\u0131 artmaktad\u0131r.\" \/>\n<meta property=\"og:url\" content=\"https:\/\/celebikurye.com\/tr\/istanbul-kurye-ilceleri\/tuzla-da-kurye\/\" \/>\n<meta property=\"og:site_name\" content=\"\u00c7elebi Kurye - 0542 600 9876 - Zaman Kazand\u0131r\u0131r\" \/>\n<meta property=\"article:published_time\" content=\"2022-05-12T08:24:08+00:00\" \/>\n<meta property=\"article:modified_time\" content=\"2022-08-08T08:34:29+00:00\" \/>\n<meta property=\"og:image\" content=\"https:\/\/celebikurye.com\/tr\/wp-content\/uploads\/2022\/08\/tuzla-da-kurye-cagir-kopya.jpg\" \/>\n\t<meta property=\"og:image:width\" content=\"800\" \/>\n\t<meta property=\"og:image:height\" content=\"500\" \/>\n\t<meta property=\"og:image:type\" content=\"image\/jpeg\" \/>\n<meta name=\"author\" content=\"epbilisim\" \/>\n<meta name=\"twitter:card\" content=\"summary_large_image\" \/>\n<meta name=\"twitter:label1\" content=\"Yazan:\" \/>\n\t<meta name=\"twitter:data1\" content=\"epbilisim\" \/>\n\t<meta name=\"twitter:label2\" content=\"Tahmini okuma s\u00fcresi\" \/>\n\t<meta name=\"twitter:data2\" content=\"3 dakika\" \/>\n<script type=\"application\/ld+json\" class=\"yoast-schema-graph\">{\"@context\":\"https:\\\/\\\/schema.org\",\"@graph\":[{\"@type\":\"Article\",\"@id\":\"https:\\\/\\\/celebikurye.com\\\/tr\\\/istanbul-kurye-ilceleri\\\/tuzla-da-kurye\\\/#article\",\"isPartOf\":{\"@id\":\"https:\\\/\\\/celebikurye.com\\\/tr\\\/istanbul-kurye-ilceleri\\\/tuzla-da-kurye\\\/\"},\"author\":{\"name\":\"epbilisim\",\"@id\":\"https:\\\/\\\/celebikurye.com\\\/tr\\\/#\\\/schema\\\/person\\\/6936cecf075d4229326ed978f353764d\"},\"headline\":\"Tuzla da Kurye\",\"datePublished\":\"2022-05-12T08:24:08+00:00\",\"dateModified\":\"2022-08-08T08:34:29+00:00\",\"mainEntityOfPage\":{\"@id\":\"https:\\\/\\\/celebikurye.com\\\/tr\\\/istanbul-kurye-ilceleri\\\/tuzla-da-kurye\\\/\"},\"wordCount\":454,\"commentCount\":0,\"image\":{\"@id\":\"https:\\\/\\\/celebikurye.com\\\/tr\\\/istanbul-kurye-ilceleri\\\/tuzla-da-kurye\\\/#primaryimage\"},\"thumbnailUrl\":\"https:\\\/\\\/celebikurye.com\\\/tr\\\/wp-content\\\/uploads\\\/2022\\\/08\\\/tuzla-da-kurye-cagir-kopya.jpg\",\"keywords\":[\"Akf\u0131rat kurye\",\"expres kurye\",\"Orhanl\u0131 kurye\",\"Postahane Kurye\",\"Tepe\u00f6ren kurye\",\"Tuzla kurye\"],\"articleSection\":[\"\u0130l\u00e7eler\"],\"inLanguage\":\"tr\",\"potentialAction\":[{\"@type\":\"CommentAction\",\"name\":\"Comment\",\"target\":[\"https:\\\/\\\/celebikurye.com\\\/tr\\\/istanbul-kurye-ilceleri\\\/tuzla-da-kurye\\\/#respond\"]}]},{\"@type\":\"WebPage\",\"@id\":\"https:\\\/\\\/celebikurye.com\\\/tr\\\/istanbul-kurye-ilceleri\\\/tuzla-da-kurye\\\/\",\"url\":\"https:\\\/\\\/celebikurye.com\\\/tr\\\/istanbul-kurye-ilceleri\\\/tuzla-da-kurye\\\/\",\"name\":\"Tuzla da Kurye - \u00c7elebi Kurye - 0542 600 9876 - Zaman Kazand\u0131r\u0131r\",\"isPartOf\":{\"@id\":\"https:\\\/\\\/celebikurye.com\\\/tr\\\/#website\"},\"primaryImageOfPage\":{\"@id\":\"https:\\\/\\\/celebikurye.com\\\/tr\\\/istanbul-kurye-ilceleri\\\/tuzla-da-kurye\\\/#primaryimage\"},\"image\":{\"@id\":\"https:\\\/\\\/celebikurye.com\\\/tr\\\/istanbul-kurye-ilceleri\\\/tuzla-da-kurye\\\/#primaryimage\"},\"thumbnailUrl\":\"https:\\\/\\\/celebikurye.com\\\/tr\\\/wp-content\\\/uploads\\\/2022\\\/08\\\/tuzla-da-kurye-cagir-kopya.jpg\",\"datePublished\":\"2022-05-12T08:24:08+00:00\",\"dateModified\":\"2022-08-08T08:34:29+00:00\",\"author\":{\"@id\":\"https:\\\/\\\/celebikurye.com\\\/tr\\\/#\\\/schema\\\/person\\\/6936cecf075d4229326ed978f353764d\"},\"description\":\"Tuzla da kurye Ticaret ve sanayi b\u00f6lgelerinin artmas\u0131 ile hem bireysel hem ticari kurye g\u00f6nderi say\u0131s\u0131 artmaktad\u0131r.\",\"breadcrumb\":{\"@id\":\"https:\\\/\\\/celebikurye.com\\\/tr\\\/istanbul-kurye-ilceleri\\\/tuzla-da-kurye\\\/#breadcrumb\"},\"inLanguage\":\"tr\",\"potentialAction\":[{\"@type\":\"ReadAction\",\"target\":[\"https:\\\/\\\/celebikurye.com\\\/tr\\\/istanbul-kurye-ilceleri\\\/tuzla-da-kurye\\\/\"]}]},{\"@type\":\"ImageObject\",\"inLanguage\":\"tr\",\"@id\":\"https:\\\/\\\/celebikurye.com\\\/tr\\\/istanbul-kurye-ilceleri\\\/tuzla-da-kurye\\\/#primaryimage\",\"url\":\"https:\\\/\\\/celebikurye.com\\\/tr\\\/wp-content\\\/uploads\\\/2022\\\/08\\\/tuzla-da-kurye-cagir-kopya.jpg\",\"contentUrl\":\"https:\\\/\\\/celebikurye.com\\\/tr\\\/wp-content\\\/uploads\\\/2022\\\/08\\\/tuzla-da-kurye-cagir-kopya.jpg\",\"width\":800,\"height\":500},{\"@type\":\"BreadcrumbList\",\"@id\":\"https:\\\/\\\/celebikurye.com\\\/tr\\\/istanbul-kurye-ilceleri\\\/tuzla-da-kurye\\\/#breadcrumb\",\"itemListElement\":[{\"@type\":\"ListItem\",\"position\":1,\"name\":\"Anasayfa\",\"item\":\"https:\\\/\\\/celebikurye.com\\\/tr\\\/\"},{\"@type\":\"ListItem\",\"position\":2,\"name\":\"Tuzla da Kurye\"}]},{\"@type\":\"WebSite\",\"@id\":\"https:\\\/\\\/celebikurye.com\\\/tr\\\/#website\",\"url\":\"https:\\\/\\\/celebikurye.com\\\/tr\\\/\",\"name\":\"\u00c7elebi Kurye - 0542 600 9876 - Zaman Kazand\u0131r\u0131r\",\"description\":\"Zaman Kazand\u0131r\u0131r\",\"potentialAction\":[{\"@type\":\"SearchAction\",\"target\":{\"@type\":\"EntryPoint\",\"urlTemplate\":\"https:\\\/\\\/celebikurye.com\\\/tr\\\/?s={search_term_string}\"},\"query-input\":{\"@type\":\"PropertyValueSpecification\",\"valueRequired\":true,\"valueName\":\"search_term_string\"}}],\"inLanguage\":\"tr\"},{\"@type\":\"Person\",\"@id\":\"https:\\\/\\\/celebikurye.com\\\/tr\\\/#\\\/schema\\\/person\\\/6936cecf075d4229326ed978f353764d\",\"name\":\"epbilisim\",\"image\":{\"@type\":\"ImageObject\",\"inLanguage\":\"tr\",\"@id\":\"https:\\\/\\\/secure.gravatar.com\\\/avatar\\\/6b53c25b9270d170ef20c514a1f15019195e26e66baa473d86f41e5d76890ae8?s=96&d=mm&r=g\",\"url\":\"https:\\\/\\\/secure.gravatar.com\\\/avatar\\\/6b53c25b9270d170ef20c514a1f15019195e26e66baa473d86f41e5d76890ae8?s=96&d=mm&r=g\",\"contentUrl\":\"https:\\\/\\\/secure.gravatar.com\\\/avatar\\\/6b53c25b9270d170ef20c514a1f15019195e26e66baa473d86f41e5d76890ae8?s=96&d=mm&r=g\",\"caption\":\"epbilisim\"},\"sameAs\":[\"https:\\\/\\\/celebikurye.com\\\/tr\"],\"url\":\"https:\\\/\\\/celebikurye.com\\\/tr\\\/author\\\/epbilisim\\\/\"}]}<\/script>\n<!-- \/ Yoast SEO plugin. -->","yoast_head_json":{"title":"Tuzla da Kurye - \u00c7elebi Kurye - 0542 600 9876 - Zaman Kazand\u0131r\u0131r","description":"Tuzla da kurye Ticaret ve sanayi b\u00f6lgelerinin artmas\u0131 ile hem bireysel hem ticari kurye g\u00f6nderi say\u0131s\u0131 artmaktad\u0131r.","robots":{"index":"index","follow":"follow","max-snippet":"max-snippet:-1","max-image-preview":"max-image-preview:large","max-video-preview":"max-video-preview:-1"},"canonical":"https:\/\/celebikurye.com\/tr\/istanbul-kurye-ilceleri\/tuzla-da-kurye\/","og_locale":"tr_TR","og_type":"article","og_title":"Tuzla da Kurye - \u00c7elebi Kurye - 0542 600 9876 - Zaman Kazand\u0131r\u0131r","og_description":"Tuzla da kurye Ticaret ve sanayi b\u00f6lgelerinin artmas\u0131 ile hem bireysel hem ticari kurye g\u00f6nderi say\u0131s\u0131 artmaktad\u0131r.","og_url":"https:\/\/celebikurye.com\/tr\/istanbul-kurye-ilceleri\/tuzla-da-kurye\/","og_site_name":"\u00c7elebi Kurye - 0542 600 9876 - Zaman Kazand\u0131r\u0131r","article_published_time":"2022-05-12T08:24:08+00:00","article_modified_time":"2022-08-08T08:34:29+00:00","og_image":[{"width":800,"height":500,"url":"https:\/\/celebikurye.com\/tr\/wp-content\/uploads\/2022\/08\/tuzla-da-kurye-cagir-kopya.jpg","type":"image\/jpeg"}],"author":"epbilisim","twitter_card":"summary_large_image","twitter_misc":{"Yazan:":"epbilisim","Tahmini okuma s\u00fcresi":"3 dakika"},"schema":{"@context":"https:\/\/schema.org","@graph":[{"@type":"Article","@id":"https:\/\/celebikurye.com\/tr\/istanbul-kurye-ilceleri\/tuzla-da-kurye\/#article","isPartOf":{"@id":"https:\/\/celebikurye.com\/tr\/istanbul-kurye-ilceleri\/tuzla-da-kurye\/"},"author":{"name":"epbilisim","@id":"https:\/\/celebikurye.com\/tr\/#\/schema\/person\/6936cecf075d4229326ed978f353764d"},"headline":"Tuzla da Kurye","datePublished":"2022-05-12T08:24:08+00:00","dateModified":"2022-08-08T08:34:29+00:00","mainEntityOfPage":{"@id":"https:\/\/celebikurye.com\/tr\/istanbul-kurye-ilceleri\/tuzla-da-kurye\/"},"wordCount":454,"commentCount":0,"image":{"@id":"https:\/\/celebikurye.com\/tr\/istanbul-kurye-ilceleri\/tuzla-da-kurye\/#primaryimage"},"thumbnailUrl":"https:\/\/celebikurye.com\/tr\/wp-content\/uploads\/2022\/08\/tuzla-da-kurye-cagir-kopya.jpg","keywords":["Akf\u0131rat kurye","expres kurye","Orhanl\u0131 kurye","Postahane Kurye","Tepe\u00f6ren kurye","Tuzla kurye"],"articleSection":["\u0130l\u00e7eler"],"inLanguage":"tr","potentialAction":[{"@type":"CommentAction","name":"Comment","target":["https:\/\/celebikurye.com\/tr\/istanbul-kurye-ilceleri\/tuzla-da-kurye\/#respond"]}]},{"@type":"WebPage","@id":"https:\/\/celebikurye.com\/tr\/istanbul-kurye-ilceleri\/tuzla-da-kurye\/","url":"https:\/\/celebikurye.com\/tr\/istanbul-kurye-ilceleri\/tuzla-da-kurye\/","name":"Tuzla da Kurye - \u00c7elebi Kurye - 0542 600 9876 - Zaman Kazand\u0131r\u0131r","isPartOf":{"@id":"https:\/\/celebikurye.com\/tr\/#website"},"primaryImageOfPage":{"@id":"https:\/\/celebikurye.com\/tr\/istanbul-kurye-ilceleri\/tuzla-da-kurye\/#primaryimage"},"image":{"@id":"https:\/\/celebikurye.com\/tr\/istanbul-kurye-ilceleri\/tuzla-da-kurye\/#primaryimage"},"thumbnailUrl":"https:\/\/celebikurye.com\/tr\/wp-content\/uploads\/2022\/08\/tuzla-da-kurye-cagir-kopya.jpg","datePublished":"2022-05-12T08:24:08+00:00","dateModified":"2022-08-08T08:34:29+00:00","author":{"@id":"https:\/\/celebikurye.com\/tr\/#\/schema\/person\/6936cecf075d4229326ed978f353764d"},"description":"Tuzla da kurye Ticaret ve sanayi b\u00f6lgelerinin artmas\u0131 ile hem bireysel hem ticari kurye g\u00f6nderi say\u0131s\u0131 artmaktad\u0131r.","breadcrumb":{"@id":"https:\/\/celebikurye.com\/tr\/istanbul-kurye-ilceleri\/tuzla-da-kurye\/#breadcrumb"},"inLanguage":"tr","potentialAction":[{"@type":"ReadAction","target":["https:\/\/celebikurye.com\/tr\/istanbul-kurye-ilceleri\/tuzla-da-kurye\/"]}]},{"@type":"ImageObject","inLanguage":"tr","@id":"https:\/\/celebikurye.com\/tr\/istanbul-kurye-ilceleri\/tuzla-da-kurye\/#primaryimage","url":"https:\/\/celebikurye.com\/tr\/wp-content\/uploads\/2022\/08\/tuzla-da-kurye-cagir-kopya.jpg","contentUrl":"https:\/\/celebikurye.com\/tr\/wp-content\/uploads\/2022\/08\/tuzla-da-kurye-cagir-kopya.jpg","width":800,"height":500},{"@type":"BreadcrumbList","@id":"https:\/\/celebikurye.com\/tr\/istanbul-kurye-ilceleri\/tuzla-da-kurye\/#breadcrumb","itemListElement":[{"@type":"ListItem","position":1,"name":"Anasayfa","item":"https:\/\/celebikurye.com\/tr\/"},{"@type":"ListItem","position":2,"name":"Tuzla da Kurye"}]},{"@type":"WebSite","@id":"https:\/\/celebikurye.com\/tr\/#website","url":"https:\/\/celebikurye.com\/tr\/","name":"\u00c7elebi Kurye - 0542 600 9876 - Zaman Kazand\u0131r\u0131r","description":"Zaman Kazand\u0131r\u0131r","potentialAction":[{"@type":"SearchAction","target":{"@type":"EntryPoint","urlTemplate":"https:\/\/celebikurye.com\/tr\/?s={search_term_string}"},"query-input":{"@type":"PropertyValueSpecification","valueRequired":true,"valueName":"search_term_string"}}],"inLanguage":"tr"},{"@type":"Person","@id":"https:\/\/celebikurye.com\/tr\/#\/schema\/person\/6936cecf075d4229326ed978f353764d","name":"epbilisim","image":{"@type":"ImageObject","inLanguage":"tr","@id":"https:\/\/secure.gravatar.com\/avatar\/6b53c25b9270d170ef20c514a1f15019195e26e66baa473d86f41e5d76890ae8?s=96&d=mm&r=g","url":"https:\/\/secure.gravatar.com\/avatar\/6b53c25b9270d170ef20c514a1f15019195e26e66baa473d86f41e5d76890ae8?s=96&d=mm&r=g","contentUrl":"https:\/\/secure.gravatar.com\/avatar\/6b53c25b9270d170ef20c514a1f15019195e26e66baa473d86f41e5d76890ae8?s=96&d=mm&r=g","caption":"epbilisim"},"sameAs":["https:\/\/celebikurye.com\/tr"],"url":"https:\/\/celebikurye.com\/tr\/author\/epbilisim\/"}]}},"_links":{"self":[{"href":"https:\/\/celebikurye.com\/tr\/wp-json\/wp\/v2\/posts\/2394","targetHints":{"allow":["GET"]}}],"collection":[{"href":"https:\/\/celebikurye.com\/tr\/wp-json\/wp\/v2\/posts"}],"about":[{"href":"https:\/\/celebikurye.com\/tr\/wp-json\/wp\/v2\/types\/post"}],"author":[{"embeddable":true,"href":"https:\/\/celebikurye.com\/tr\/wp-json\/wp\/v2\/users\/1"}],"replies":[{"embeddable":true,"href":"https:\/\/celebikurye.com\/tr\/wp-json\/wp\/v2\/comments?post=2394"}],"version-history":[{"count":3,"href":"https:\/\/celebikurye.com\/tr\/wp-json\/wp\/v2\/posts\/2394\/revisions"}],"predecessor-version":[{"id":2399,"href":"https:\/\/celebikurye.com\/tr\/wp-json\/wp\/v2\/posts\/2394\/revisions\/2399"}],"wp:featuredmedia":[{"embeddable":true,"href":"https:\/\/celebikurye.com\/tr\/wp-json\/wp\/v2\/media\/2395"}],"wp:attachment":[{"href":"https:\/\/celebikurye.com\/tr\/wp-json\/wp\/v2\/media?parent=2394"}],"wp:term":[{"taxonomy":"category","embeddable":true,"href":"https:\/\/celebikurye.com\/tr\/wp-json\/wp\/v2\/categories?post=2394"},{"taxonomy":"post_tag","embeddable":true,"href":"https:\/\/celebikurye.com\/tr\/wp-json\/wp\/v2\/tags?post=2394"}],"curies":[{"name":"wp","href":"https:\/\/api.w.org\/{rel}","templated":true}]}}