{"id":2325,"date":"2022-03-12T15:04:51","date_gmt":"2022-03-12T12:04:51","guid":{"rendered":"https:\/\/celebikurye.com\/tr\/?p=2325"},"modified":"2022-03-16T15:11:24","modified_gmt":"2022-03-16T12:11:24","slug":"kis-mevsimi-ve-kurye","status":"publish","type":"post","link":"https:\/\/celebikurye.com\/tr\/hava-sartlari\/kis-mevsimi-ve-kurye\/","title":{"rendered":"K\u0131\u015f mevsimi ve kurye"},"content":{"rendered":"<p>K\u0131\u015f mevsimi ve Motosikletli kurye yada moto kurye a\u00e7\u0131k alanda yap\u0131lan bir meslektir. Bunu art\u0131k bilmeyen yoktur. K\u0131\u015f mevsimi ve kurye ise mesle\u011fin ayr\u0131lmaz par\u00e7alar\u0131d\u0131r. \u00d6yleki hava y\u0131 iyi analiz edemeyen kurye yolda kal\u0131r. Teknolojiyi ne kadar kullan\u0131rsa kullans\u0131n moto kurye havay\u0131 iyi koklamak zorundad\u0131r.<\/p>\n<p>Motosikletli kurye yada moto kurye a\u00e7\u0131k havada motosiklet kullanarak yap\u0131lan bir hizmet \u015feklidir. Ya\u011fmurdan ka\u00e7mak i\u00e7in s\u0131\u011f\u0131naca\u011f\u0131 sa\u00e7ak yada bina giri\u015fi yoktur. Zira hava \u015fartlar\u0131 k\u0131\u015f oldu\u011fu\u011funda insanlar s\u0131cak evlerinden, ofislerinden \u00e7\u0131kmadan d\u0131\u015far\u0131daki i\u015flerini kuryelere yapt\u0131rmaktad\u0131r. Tabi ki bu konu kuryelerin erindi\u011fi bir durum de\u011fildir. \u00c7\u00fcnk\u00fc iyi bir moto kurye yani mesle\u011fi benimsemi\u015f ki\u015fi b\u00fct\u00fcn \u015fartlarda i\u015fini yapmaya \u00e7al\u0131\u015fmaktad\u0131r.<\/p>\n<p><a href=\"https:\/\/kuryeminteli.com\/hava-sartlari\/hava-sartlari-ve-motosikletli-kurye\/\" target=\"_blank\" rel=\"noopener\">Hava \u015fartlar\u0131<\/a> mevsimlerin de\u011fi\u015fimleri ile her ge\u00e7en g\u00fcn s\u00fcpriz ler do\u011furmaktad\u0131r. \u00d6yle ki ayn\u0131 g\u00fcnde 3 mevsim ya\u015fand\u0131\u011f\u0131 g\u00f6zlemlenmektedir. Hal b\u00f6yleyken bir mont ve \u015femsiye ile soka\u011fa \u00e7\u0131kmak yeterli olmamaktad\u0131r. Y\u00fcr\u00fcyerek ihtiya\u00e7lar\u0131 yetmedi\u011fi yerde motosikletle trafikte olmak daha da zor olmaktad\u0131r. Kurye, gelirini ta\u015f\u0131d\u0131\u011f\u0131 g\u00f6nderiden kazanmaktad\u0131r. Bu \u015fu anlama geliyor ki; moto kurye yolda kalmayacak, i\u015fini aksatmayacak. Bunun i\u00e7in \u00f6nceli\u011fi hava \u015fartlar\u0131na g\u00f6re hi\u00e7 yolda kalmamas\u0131 gerekmektedir. Ya\u011fmur da ya\u011fsa lodos ta olsa i\u015fini devam ettirmek zorundad\u0131r. Ekipmanlar\u0131 hava \u015fartlar\u0131na uyumlu olur ve s\u00fcrmesine engel olmazsa \u00e7al\u0131\u015fmaya devam edebilmektedir.<\/p>\n<h3>Sadece ekipman yeterlimi?<\/h3>\n<p>Tabiki tek ihtiya\u00e7 ekipman olmamaktad\u0131r. Her hava \u015fart\u0131na g\u00f6re s\u00fcr\u00fc\u015f teknikleri bilmek duruma g\u00f6re s\u00fcrmek gerekmektedir. Hava \u015fartlar\u0131ndan korunurken kaza yaparak i\u015ften geri kalmamak gerekmektedir. Duruma g\u00f6re acil m\u00fcdahale edilecek tamiratlar da iyi bir moto kurye taraf\u0131ndan yap\u0131labilmektedir. Hatta baz\u0131 tespitler dogru zamanda yap\u0131larak aksakl\u0131k olmadan \u00e7\u00f6z\u00fcmlenmektedir. B\u00f6ylece daha i\u015f al\u0131nmadan muhtemele gecikme ortadan kalkm\u0131\u015f olmaktad\u0131r.<\/p>\n<p>Tabi ki bu sayd\u0131\u011f\u0131m\u0131z maddeler normal \u015fartlarda bir moto kurye nin uymas\u0131 gereken \u015fartlard\u0131r. Deneyimli bir motosikletli kurye her durumda i\u015fini devam ettirmelidir. Ayn\u0131 sahnedeki sanat\u00e7\u0131 gibi i\u015f devam etmelidir. E\u011fer hi\u00e7 bir y\u00f6ntem yetmediyse g\u00f6nderi transfer edilerek ve yerine ula\u015ft\u0131r\u0131lmaktad\u0131r.<\/p>\n<p>\u00d6nce insan sa\u011fl\u0131\u011f\u0131 diyerek her hava \u015fartlar\u0131nda ve kurye nin durumuna empati yap\u0131lmas\u0131 anlay\u0131\u015fl\u0131 olmakt\u0131r.<\/p>\n","protected":false},"excerpt":{"rendered":"<p>K\u0131\u015f mevsimi ve Motosikletli kurye yada moto kurye a\u00e7\u0131k alanda yap\u0131lan bir meslektir. Bunu art\u0131k bilmeyen yoktur. K\u0131\u015f mevsimi ve kurye ise mesle\u011fin ayr\u0131lmaz yol arkada\u015flar\u0131d\u0131r<\/p>\n","protected":false},"author":1,"featured_media":2326,"comment_status":"open","ping_status":"open","sticky":false,"template":"","format":"standard","meta":{"footnotes":""},"categories":[43],"tags":[44,45],"class_list":["post-2325","post","type-post","status-publish","format-standard","has-post-thumbnail","hentry","category-hava-sartlari","tag-hava-sartlari","tag-kis-mevsimi"],"yoast_head":"<!-- This site is optimized with the Yoast SEO plugin v27.3 - https:\/\/yoast.com\/product\/yoast-seo-wordpress\/ -->\n<title>K\u0131\u015f mevsimi ve kurye - \u00c7elebi Kurye - 0542 600 9876 - Zaman Kazand\u0131r\u0131r<\/title>\n<meta name=\"description\" content=\"K\u0131\u015f mevsimi ve Motosikletli kurye yada moto kurye a\u00e7\u0131k alanda yap\u0131lan bir meslektir. Bunu art\u0131k bilmeyen yoktur. K\u0131\u015f mevsimi ve kurye ise\" \/>\n<meta name=\"robots\" content=\"index, follow, max-snippet:-1, max-image-preview:large, max-video-preview:-1\" \/>\n<link rel=\"canonical\" href=\"https:\/\/celebikurye.com\/tr\/hava-sartlari\/kis-mevsimi-ve-kurye\/\" \/>\n<meta property=\"og:locale\" content=\"tr_TR\" \/>\n<meta property=\"og:type\" content=\"article\" \/>\n<meta property=\"og:title\" content=\"K\u0131\u015f mevsimi ve kurye - \u00c7elebi Kurye - 0542 600 9876 - Zaman Kazand\u0131r\u0131r\" \/>\n<meta property=\"og:description\" content=\"K\u0131\u015f mevsimi ve Motosikletli kurye yada moto kurye a\u00e7\u0131k alanda yap\u0131lan bir meslektir. Bunu art\u0131k bilmeyen yoktur. K\u0131\u015f mevsimi ve kurye ise\" \/>\n<meta property=\"og:url\" content=\"https:\/\/celebikurye.com\/tr\/hava-sartlari\/kis-mevsimi-ve-kurye\/\" \/>\n<meta property=\"og:site_name\" content=\"\u00c7elebi Kurye - 0542 600 9876 - Zaman Kazand\u0131r\u0131r\" \/>\n<meta property=\"article:published_time\" content=\"2022-03-12T12:04:51+00:00\" \/>\n<meta property=\"article:modified_time\" content=\"2022-03-16T12:11:24+00:00\" \/>\n<meta property=\"og:image\" content=\"https:\/\/celebikurye.com\/tr\/wp-content\/uploads\/2022\/03\/kis-mevsiminde-moto-kurye-olmak.jpg\" \/>\n\t<meta property=\"og:image:width\" content=\"800\" \/>\n\t<meta property=\"og:image:height\" content=\"440\" \/>\n\t<meta property=\"og:image:type\" content=\"image\/jpeg\" \/>\n<meta name=\"author\" content=\"epbilisim\" \/>\n<meta name=\"twitter:card\" content=\"summary_large_image\" \/>\n<meta name=\"twitter:label1\" content=\"Yazan:\" \/>\n\t<meta name=\"twitter:data1\" content=\"epbilisim\" \/>\n\t<meta name=\"twitter:label2\" content=\"Tahmini okuma s\u00fcresi\" \/>\n\t<meta name=\"twitter:data2\" content=\"2 dakika\" \/>\n<script type=\"application\/ld+json\" class=\"yoast-schema-graph\">{\"@context\":\"https:\\\/\\\/schema.org\",\"@graph\":[{\"@type\":\"Article\",\"@id\":\"https:\\\/\\\/celebikurye.com\\\/tr\\\/hava-sartlari\\\/kis-mevsimi-ve-kurye\\\/#article\",\"isPartOf\":{\"@id\":\"https:\\\/\\\/celebikurye.com\\\/tr\\\/hava-sartlari\\\/kis-mevsimi-ve-kurye\\\/\"},\"author\":{\"name\":\"epbilisim\",\"@id\":\"https:\\\/\\\/celebikurye.com\\\/tr\\\/#\\\/schema\\\/person\\\/6936cecf075d4229326ed978f353764d\"},\"headline\":\"K\u0131\u015f mevsimi ve kurye\",\"datePublished\":\"2022-03-12T12:04:51+00:00\",\"dateModified\":\"2022-03-16T12:11:24+00:00\",\"mainEntityOfPage\":{\"@id\":\"https:\\\/\\\/celebikurye.com\\\/tr\\\/hava-sartlari\\\/kis-mevsimi-ve-kurye\\\/\"},\"wordCount\":415,\"commentCount\":0,\"image\":{\"@id\":\"https:\\\/\\\/celebikurye.com\\\/tr\\\/hava-sartlari\\\/kis-mevsimi-ve-kurye\\\/#primaryimage\"},\"thumbnailUrl\":\"https:\\\/\\\/celebikurye.com\\\/tr\\\/wp-content\\\/uploads\\\/2022\\\/03\\\/kis-mevsiminde-moto-kurye-olmak.jpg\",\"keywords\":[\"Hava \u015fartlar\u0131\",\"K\u0131\u015f mevsimi\"],\"articleSection\":[\"Hava \u015fartlar\u0131\"],\"inLanguage\":\"tr\",\"potentialAction\":[{\"@type\":\"CommentAction\",\"name\":\"Comment\",\"target\":[\"https:\\\/\\\/celebikurye.com\\\/tr\\\/hava-sartlari\\\/kis-mevsimi-ve-kurye\\\/#respond\"]}]},{\"@type\":\"WebPage\",\"@id\":\"https:\\\/\\\/celebikurye.com\\\/tr\\\/hava-sartlari\\\/kis-mevsimi-ve-kurye\\\/\",\"url\":\"https:\\\/\\\/celebikurye.com\\\/tr\\\/hava-sartlari\\\/kis-mevsimi-ve-kurye\\\/\",\"name\":\"K\u0131\u015f mevsimi ve kurye - \u00c7elebi Kurye - 0542 600 9876 - Zaman Kazand\u0131r\u0131r\",\"isPartOf\":{\"@id\":\"https:\\\/\\\/celebikurye.com\\\/tr\\\/#website\"},\"primaryImageOfPage\":{\"@id\":\"https:\\\/\\\/celebikurye.com\\\/tr\\\/hava-sartlari\\\/kis-mevsimi-ve-kurye\\\/#primaryimage\"},\"image\":{\"@id\":\"https:\\\/\\\/celebikurye.com\\\/tr\\\/hava-sartlari\\\/kis-mevsimi-ve-kurye\\\/#primaryimage\"},\"thumbnailUrl\":\"https:\\\/\\\/celebikurye.com\\\/tr\\\/wp-content\\\/uploads\\\/2022\\\/03\\\/kis-mevsiminde-moto-kurye-olmak.jpg\",\"datePublished\":\"2022-03-12T12:04:51+00:00\",\"dateModified\":\"2022-03-16T12:11:24+00:00\",\"author\":{\"@id\":\"https:\\\/\\\/celebikurye.com\\\/tr\\\/#\\\/schema\\\/person\\\/6936cecf075d4229326ed978f353764d\"},\"description\":\"K\u0131\u015f mevsimi ve Motosikletli kurye yada moto kurye a\u00e7\u0131k alanda yap\u0131lan bir meslektir. Bunu art\u0131k bilmeyen yoktur. K\u0131\u015f mevsimi ve kurye ise\",\"breadcrumb\":{\"@id\":\"https:\\\/\\\/celebikurye.com\\\/tr\\\/hava-sartlari\\\/kis-mevsimi-ve-kurye\\\/#breadcrumb\"},\"inLanguage\":\"tr\",\"potentialAction\":[{\"@type\":\"ReadAction\",\"target\":[\"https:\\\/\\\/celebikurye.com\\\/tr\\\/hava-sartlari\\\/kis-mevsimi-ve-kurye\\\/\"]}]},{\"@type\":\"ImageObject\",\"inLanguage\":\"tr\",\"@id\":\"https:\\\/\\\/celebikurye.com\\\/tr\\\/hava-sartlari\\\/kis-mevsimi-ve-kurye\\\/#primaryimage\",\"url\":\"https:\\\/\\\/celebikurye.com\\\/tr\\\/wp-content\\\/uploads\\\/2022\\\/03\\\/kis-mevsiminde-moto-kurye-olmak.jpg\",\"contentUrl\":\"https:\\\/\\\/celebikurye.com\\\/tr\\\/wp-content\\\/uploads\\\/2022\\\/03\\\/kis-mevsiminde-moto-kurye-olmak.jpg\",\"width\":800,\"height\":440},{\"@type\":\"BreadcrumbList\",\"@id\":\"https:\\\/\\\/celebikurye.com\\\/tr\\\/hava-sartlari\\\/kis-mevsimi-ve-kurye\\\/#breadcrumb\",\"itemListElement\":[{\"@type\":\"ListItem\",\"position\":1,\"name\":\"Anasayfa\",\"item\":\"https:\\\/\\\/celebikurye.com\\\/tr\\\/\"},{\"@type\":\"ListItem\",\"position\":2,\"name\":\"K\u0131\u015f mevsimi ve kurye\"}]},{\"@type\":\"WebSite\",\"@id\":\"https:\\\/\\\/celebikurye.com\\\/tr\\\/#website\",\"url\":\"https:\\\/\\\/celebikurye.com\\\/tr\\\/\",\"name\":\"\u00c7elebi Kurye - 0542 600 9876 - Zaman Kazand\u0131r\u0131r\",\"description\":\"Zaman Kazand\u0131r\u0131r\",\"potentialAction\":[{\"@type\":\"SearchAction\",\"target\":{\"@type\":\"EntryPoint\",\"urlTemplate\":\"https:\\\/\\\/celebikurye.com\\\/tr\\\/?s={search_term_string}\"},\"query-input\":{\"@type\":\"PropertyValueSpecification\",\"valueRequired\":true,\"valueName\":\"search_term_string\"}}],\"inLanguage\":\"tr\"},{\"@type\":\"Person\",\"@id\":\"https:\\\/\\\/celebikurye.com\\\/tr\\\/#\\\/schema\\\/person\\\/6936cecf075d4229326ed978f353764d\",\"name\":\"epbilisim\",\"image\":{\"@type\":\"ImageObject\",\"inLanguage\":\"tr\",\"@id\":\"https:\\\/\\\/secure.gravatar.com\\\/avatar\\\/6b53c25b9270d170ef20c514a1f15019195e26e66baa473d86f41e5d76890ae8?s=96&d=mm&r=g\",\"url\":\"https:\\\/\\\/secure.gravatar.com\\\/avatar\\\/6b53c25b9270d170ef20c514a1f15019195e26e66baa473d86f41e5d76890ae8?s=96&d=mm&r=g\",\"contentUrl\":\"https:\\\/\\\/secure.gravatar.com\\\/avatar\\\/6b53c25b9270d170ef20c514a1f15019195e26e66baa473d86f41e5d76890ae8?s=96&d=mm&r=g\",\"caption\":\"epbilisim\"},\"sameAs\":[\"https:\\\/\\\/celebikurye.com\\\/tr\"],\"url\":\"https:\\\/\\\/celebikurye.com\\\/tr\\\/author\\\/epbilisim\\\/\"}]}<\/script>\n<!-- \/ Yoast SEO plugin. -->","yoast_head_json":{"title":"K\u0131\u015f mevsimi ve kurye - \u00c7elebi Kurye - 0542 600 9876 - Zaman Kazand\u0131r\u0131r","description":"K\u0131\u015f mevsimi ve Motosikletli kurye yada moto kurye a\u00e7\u0131k alanda yap\u0131lan bir meslektir. Bunu art\u0131k bilmeyen yoktur. K\u0131\u015f mevsimi ve kurye ise","robots":{"index":"index","follow":"follow","max-snippet":"max-snippet:-1","max-image-preview":"max-image-preview:large","max-video-preview":"max-video-preview:-1"},"canonical":"https:\/\/celebikurye.com\/tr\/hava-sartlari\/kis-mevsimi-ve-kurye\/","og_locale":"tr_TR","og_type":"article","og_title":"K\u0131\u015f mevsimi ve kurye - \u00c7elebi Kurye - 0542 600 9876 - Zaman Kazand\u0131r\u0131r","og_description":"K\u0131\u015f mevsimi ve Motosikletli kurye yada moto kurye a\u00e7\u0131k alanda yap\u0131lan bir meslektir. Bunu art\u0131k bilmeyen yoktur. K\u0131\u015f mevsimi ve kurye ise","og_url":"https:\/\/celebikurye.com\/tr\/hava-sartlari\/kis-mevsimi-ve-kurye\/","og_site_name":"\u00c7elebi Kurye - 0542 600 9876 - Zaman Kazand\u0131r\u0131r","article_published_time":"2022-03-12T12:04:51+00:00","article_modified_time":"2022-03-16T12:11:24+00:00","og_image":[{"width":800,"height":440,"url":"https:\/\/celebikurye.com\/tr\/wp-content\/uploads\/2022\/03\/kis-mevsiminde-moto-kurye-olmak.jpg","type":"image\/jpeg"}],"author":"epbilisim","twitter_card":"summary_large_image","twitter_misc":{"Yazan:":"epbilisim","Tahmini okuma s\u00fcresi":"2 dakika"},"schema":{"@context":"https:\/\/schema.org","@graph":[{"@type":"Article","@id":"https:\/\/celebikurye.com\/tr\/hava-sartlari\/kis-mevsimi-ve-kurye\/#article","isPartOf":{"@id":"https:\/\/celebikurye.com\/tr\/hava-sartlari\/kis-mevsimi-ve-kurye\/"},"author":{"name":"epbilisim","@id":"https:\/\/celebikurye.com\/tr\/#\/schema\/person\/6936cecf075d4229326ed978f353764d"},"headline":"K\u0131\u015f mevsimi ve kurye","datePublished":"2022-03-12T12:04:51+00:00","dateModified":"2022-03-16T12:11:24+00:00","mainEntityOfPage":{"@id":"https:\/\/celebikurye.com\/tr\/hava-sartlari\/kis-mevsimi-ve-kurye\/"},"wordCount":415,"commentCount":0,"image":{"@id":"https:\/\/celebikurye.com\/tr\/hava-sartlari\/kis-mevsimi-ve-kurye\/#primaryimage"},"thumbnailUrl":"https:\/\/celebikurye.com\/tr\/wp-content\/uploads\/2022\/03\/kis-mevsiminde-moto-kurye-olmak.jpg","keywords":["Hava \u015fartlar\u0131","K\u0131\u015f mevsimi"],"articleSection":["Hava \u015fartlar\u0131"],"inLanguage":"tr","potentialAction":[{"@type":"CommentAction","name":"Comment","target":["https:\/\/celebikurye.com\/tr\/hava-sartlari\/kis-mevsimi-ve-kurye\/#respond"]}]},{"@type":"WebPage","@id":"https:\/\/celebikurye.com\/tr\/hava-sartlari\/kis-mevsimi-ve-kurye\/","url":"https:\/\/celebikurye.com\/tr\/hava-sartlari\/kis-mevsimi-ve-kurye\/","name":"K\u0131\u015f mevsimi ve kurye - \u00c7elebi Kurye - 0542 600 9876 - Zaman Kazand\u0131r\u0131r","isPartOf":{"@id":"https:\/\/celebikurye.com\/tr\/#website"},"primaryImageOfPage":{"@id":"https:\/\/celebikurye.com\/tr\/hava-sartlari\/kis-mevsimi-ve-kurye\/#primaryimage"},"image":{"@id":"https:\/\/celebikurye.com\/tr\/hava-sartlari\/kis-mevsimi-ve-kurye\/#primaryimage"},"thumbnailUrl":"https:\/\/celebikurye.com\/tr\/wp-content\/uploads\/2022\/03\/kis-mevsiminde-moto-kurye-olmak.jpg","datePublished":"2022-03-12T12:04:51+00:00","dateModified":"2022-03-16T12:11:24+00:00","author":{"@id":"https:\/\/celebikurye.com\/tr\/#\/schema\/person\/6936cecf075d4229326ed978f353764d"},"description":"K\u0131\u015f mevsimi ve Motosikletli kurye yada moto kurye a\u00e7\u0131k alanda yap\u0131lan bir meslektir. Bunu art\u0131k bilmeyen yoktur. K\u0131\u015f mevsimi ve kurye ise","breadcrumb":{"@id":"https:\/\/celebikurye.com\/tr\/hava-sartlari\/kis-mevsimi-ve-kurye\/#breadcrumb"},"inLanguage":"tr","potentialAction":[{"@type":"ReadAction","target":["https:\/\/celebikurye.com\/tr\/hava-sartlari\/kis-mevsimi-ve-kurye\/"]}]},{"@type":"ImageObject","inLanguage":"tr","@id":"https:\/\/celebikurye.com\/tr\/hava-sartlari\/kis-mevsimi-ve-kurye\/#primaryimage","url":"https:\/\/celebikurye.com\/tr\/wp-content\/uploads\/2022\/03\/kis-mevsiminde-moto-kurye-olmak.jpg","contentUrl":"https:\/\/celebikurye.com\/tr\/wp-content\/uploads\/2022\/03\/kis-mevsiminde-moto-kurye-olmak.jpg","width":800,"height":440},{"@type":"BreadcrumbList","@id":"https:\/\/celebikurye.com\/tr\/hava-sartlari\/kis-mevsimi-ve-kurye\/#breadcrumb","itemListElement":[{"@type":"ListItem","position":1,"name":"Anasayfa","item":"https:\/\/celebikurye.com\/tr\/"},{"@type":"ListItem","position":2,"name":"K\u0131\u015f mevsimi ve kurye"}]},{"@type":"WebSite","@id":"https:\/\/celebikurye.com\/tr\/#website","url":"https:\/\/celebikurye.com\/tr\/","name":"\u00c7elebi Kurye - 0542 600 9876 - Zaman Kazand\u0131r\u0131r","description":"Zaman Kazand\u0131r\u0131r","potentialAction":[{"@type":"SearchAction","target":{"@type":"EntryPoint","urlTemplate":"https:\/\/celebikurye.com\/tr\/?s={search_term_string}"},"query-input":{"@type":"PropertyValueSpecification","valueRequired":true,"valueName":"search_term_string"}}],"inLanguage":"tr"},{"@type":"Person","@id":"https:\/\/celebikurye.com\/tr\/#\/schema\/person\/6936cecf075d4229326ed978f353764d","name":"epbilisim","image":{"@type":"ImageObject","inLanguage":"tr","@id":"https:\/\/secure.gravatar.com\/avatar\/6b53c25b9270d170ef20c514a1f15019195e26e66baa473d86f41e5d76890ae8?s=96&d=mm&r=g","url":"https:\/\/secure.gravatar.com\/avatar\/6b53c25b9270d170ef20c514a1f15019195e26e66baa473d86f41e5d76890ae8?s=96&d=mm&r=g","contentUrl":"https:\/\/secure.gravatar.com\/avatar\/6b53c25b9270d170ef20c514a1f15019195e26e66baa473d86f41e5d76890ae8?s=96&d=mm&r=g","caption":"epbilisim"},"sameAs":["https:\/\/celebikurye.com\/tr"],"url":"https:\/\/celebikurye.com\/tr\/author\/epbilisim\/"}]}},"_links":{"self":[{"href":"https:\/\/celebikurye.com\/tr\/wp-json\/wp\/v2\/posts\/2325","targetHints":{"allow":["GET"]}}],"collection":[{"href":"https:\/\/celebikurye.com\/tr\/wp-json\/wp\/v2\/posts"}],"about":[{"href":"https:\/\/celebikurye.com\/tr\/wp-json\/wp\/v2\/types\/post"}],"author":[{"embeddable":true,"href":"https:\/\/celebikurye.com\/tr\/wp-json\/wp\/v2\/users\/1"}],"replies":[{"embeddable":true,"href":"https:\/\/celebikurye.com\/tr\/wp-json\/wp\/v2\/comments?post=2325"}],"version-history":[{"count":1,"href":"https:\/\/celebikurye.com\/tr\/wp-json\/wp\/v2\/posts\/2325\/revisions"}],"predecessor-version":[{"id":2327,"href":"https:\/\/celebikurye.com\/tr\/wp-json\/wp\/v2\/posts\/2325\/revisions\/2327"}],"wp:featuredmedia":[{"embeddable":true,"href":"https:\/\/celebikurye.com\/tr\/wp-json\/wp\/v2\/media\/2326"}],"wp:attachment":[{"href":"https:\/\/celebikurye.com\/tr\/wp-json\/wp\/v2\/media?parent=2325"}],"wp:term":[{"taxonomy":"category","embeddable":true,"href":"https:\/\/celebikurye.com\/tr\/wp-json\/wp\/v2\/categories?post=2325"},{"taxonomy":"post_tag","embeddable":true,"href":"https:\/\/celebikurye.com\/tr\/wp-json\/wp\/v2\/tags?post=2325"}],"curies":[{"name":"wp","href":"https:\/\/api.w.org\/{rel}","templated":true}]}}