{"id":2259,"date":"2022-03-11T15:46:20","date_gmt":"2022-03-11T12:46:20","guid":{"rendered":"https:\/\/celebikurye.com\/tr\/?p=2259"},"modified":"2022-03-11T15:46:20","modified_gmt":"2022-03-11T12:46:20","slug":"yenibosna-da-kurye","status":"publish","type":"post","link":"https:\/\/celebikurye.com\/tr\/istanbul-kurye-ilceleri\/bolgeler\/yenibosna-da-kurye\/","title":{"rendered":"Yenibosna da Kurye"},"content":{"rendered":"<p>\u0130stanbul&#8217; un kesi\u015fme noktalar\u0131ndan bir tanesi de Yenibosna da kurye hizmeti olmaktad\u0131r. \u015eehrin \u00fc\u00e7 \u00f6nemli hatt\u0131n\u0131n ortak noktas\u0131 Yenibosna d\u0131r. \u00c7oban \u00e7e\u015fme olarak ta isimlendirilebilmektedir. 2015 y\u0131l\u0131 sonras\u0131nda \u00e7ok daha h\u0131zlanan yerle\u015fim ile i\u015f merkezlerinden biri haline gelmi\u015ftir. Ula\u015f\u0131m\u0131n her y\u00f6n\u00fcyle b\u00f6lgeye ta\u015f\u0131nmas\u0131 ile \u015firketler bu b\u00f6lgede konu\u015flanmaya ba\u015flamaktad\u0131rlar.<\/p>\n<p>Yenibosna d100 karayolu \u00fczerinde bulunmaktad\u0131r. Kurye sekt\u00f6r\u00fcn\u00fcn eski haritas\u0131nda 7 b\u00f6lge s\u0131n\u0131rlar\u0131 i\u00e7inde kalmaktad\u0131r. \u0130stanbul Kurye hizmetlerinin en \u00f6nemli \u00fc\u00e7 hatt\u0131ndan bir tanesi olan E5 karayolu \u00fczerindedir. Yenibosna dan bas\u0131n Express, g\u00fcne\u015fli Mahmutbey ikitelli ve halkal\u0131 b\u00f6lgelerine ge\u00e7i\u015f yap\u0131labilmektedir. Bu hat medya merkezlerinin bulundu\u011fu b\u00f6lgeler olmaktad\u0131r. Ayn\u0131 zamanda Mahmutbey ikitelli organize ve isto\u00e7 i\u015f merkezleri nede ula\u015f\u0131m m\u00fcmk\u00fcn olmaktad\u0131r.<\/p>\n<p>Di\u011fer y\u00f6nde ise Atat\u00fcrk Hava alan\u0131, Ye\u015filk\u00f6y Florya ve sahil hatt\u0131 bulunmaktad\u0131r. Bu hat \u00f6zellikle trafi\u011fin yo\u011fun oldu\u011fu saatlerde kullan\u0131lmaktad\u0131r.<\/p>\n<h3>Her y\u00f6ne ula\u015f\u0131m m\u00fcmk\u00fcn<\/h3>\n<p>Yenibosna dan ge\u00e7erek \u015fehrin bat\u0131 y\u00f6n\u00fcne gitmek m\u00fcmk\u00fcnd\u00fcr. K\u00fc\u00e7\u00fck\u00e7ekmece sefak\u00f6y cennet Mah. bu y\u00f6ndedir. Devam\u0131nda Avc\u0131lar, Esenyurt ve Beylikd\u00fcz\u00fc istikametlerine gidilmektedir. \u015eehrin bu yan\u0131nda bile kurye hizmeti \u00e7ok kullan\u0131lmaktad\u0131r. Beylikd\u00fcz\u00fc &#8211; Yenibosna kurye hizmeti bolca kullan\u0131lmaktad\u0131r. Harami dere ve <a href=\"https:\/\/kuryeminteli.com\/kurye\/hadimkoy-de-kurye-hizmeti-nasil-yapilir\/\" target=\"_blank\" rel=\"noopener\">Had\u0131mk\u00f6y<\/a> sanayi b\u00f6lgeleri kurye hizmetlerini kullanmaktad\u0131rlar.<\/p>\n<p>Yenibosna hemen yak\u0131n\u0131ndaki \u015eirinevler Bak\u0131rk\u00f6y ve Bah\u00e7elievler b\u00f6lgelerine yo\u011fun kurye i\u015fi yap\u0131lmaktad\u0131r. Merter Zeytinburnu ve cevizli ba\u011f ula\u015f\u0131mlar\u0131 da bu hat \u00fczerinden yap\u0131larak kullan\u0131lmaktad\u0131r. Devam\u0131nda E5 yol hatt\u0131 \u00fczerinden Okmeydan\u0131 ve <a href=\"https:\/\/celebikurye.com\/tr\/istanbul-kurye-ilceleri\/mecidiyekoy-de-kurye\/\" target=\"_blank\" rel=\"noopener\">Mecidiyek\u00f6y<\/a> e kadar ula\u015fmak m\u00fcmk\u00fcn olmaktad\u0131r.<\/p>\n<p>2010 y\u0131l\u0131na kadar Mecidiyek\u00f6y b\u00f6lgesinden Yenibosna da kurye b\u00f6lgesine do\u011fru i\u015f potansiyeli bulunmak tay d\u0131. Bu tarihten sona Yenibosna kurye servisi ile kay\u0131t y\u00f6nleri de\u011fi\u015fmektedir. Kurye \u015firketleri bu kesi\u015fme notas\u0131nda mutlaka kurye bulundurmak zorunda kalmaktad\u0131r. Bu evrak al\u0131mlar\u0131nda zaman kazanmak i\u00e7in yap\u0131labilecek bir i\u015flemdir. Evrak ne kadar \u00e7abuk al\u0131nabilirse teslimat okadar seri kurye olarak organize edilebilir. Zamana dayal\u0131 i\u015f yapan kurye \u015firketlerde bunu g\u00f6z ard\u0131 etmemektedirler. \u015eirin evler b\u00f6lgesinde motosiklet\u00e7iler ve tamirciler olmas\u0131na kuryelerin g\u00fcvenli\u011fi i\u00e7in \u00f6nemli olmaktad\u0131r.<\/p>\n<p>\u015eehirlerin merkezleri vard\u0131r. \u0130stanbul da tek merkez bulunmamaktad\u0131r.<br \/>\nYenibosna Kurye hizmeti bu \u00f6nemli merkezlerden bir tanesidir.<\/p>\n","protected":false},"excerpt":{"rendered":"<p>2010 y\u0131l\u0131na kadar Mecidiyek\u00f6y b\u00f6lgesinden Yenibosna da kurye b\u00f6lgesine do\u011fru i\u015f potansiyeli bulunmak tay d\u0131. Bu tarihten sona Yenibosna kurye servisi ile kay\u0131t y\u00f6nleri de\u011fi\u015fmektedir.<\/p>\n","protected":false},"author":1,"featured_media":2260,"comment_status":"open","ping_status":"open","sticky":false,"template":"","format":"standard","meta":{"footnotes":""},"categories":[28],"tags":[33],"class_list":["post-2259","post","type-post","status-publish","format-standard","has-post-thumbnail","hentry","category-bolgeler","tag-yenibosna-da-kurye"],"yoast_head":"<!-- This site is optimized with the Yoast SEO plugin v27.3 - https:\/\/yoast.com\/product\/yoast-seo-wordpress\/ -->\n<title>Yenibosna da Kurye - \u00c7elebi Kurye - 0542 600 9876 - Zaman Kazand\u0131r\u0131r<\/title>\n<meta name=\"description\" content=\"2010 y\u0131l\u0131na kadar Mecidiyek\u00f6y b\u00f6lgesinden Yenibosna da kurye b\u00f6lgesine do\u011fru i\u015f potansiyeli bulunmak tay d\u0131.\" \/>\n<meta name=\"robots\" content=\"index, follow, max-snippet:-1, max-image-preview:large, max-video-preview:-1\" \/>\n<link rel=\"canonical\" href=\"https:\/\/celebikurye.com\/tr\/istanbul-kurye-ilceleri\/bolgeler\/yenibosna-da-kurye\/\" \/>\n<meta property=\"og:locale\" content=\"tr_TR\" \/>\n<meta property=\"og:type\" content=\"article\" \/>\n<meta property=\"og:title\" content=\"Yenibosna da Kurye - \u00c7elebi Kurye - 0542 600 9876 - Zaman Kazand\u0131r\u0131r\" \/>\n<meta property=\"og:description\" content=\"2010 y\u0131l\u0131na kadar Mecidiyek\u00f6y b\u00f6lgesinden Yenibosna da kurye b\u00f6lgesine do\u011fru i\u015f potansiyeli bulunmak tay d\u0131.\" \/>\n<meta property=\"og:url\" content=\"https:\/\/celebikurye.com\/tr\/istanbul-kurye-ilceleri\/bolgeler\/yenibosna-da-kurye\/\" \/>\n<meta property=\"og:site_name\" content=\"\u00c7elebi Kurye - 0542 600 9876 - Zaman Kazand\u0131r\u0131r\" \/>\n<meta property=\"article:published_time\" content=\"2022-03-11T12:46:20+00:00\" \/>\n<meta property=\"og:image\" content=\"https:\/\/celebikurye.com\/tr\/wp-content\/uploads\/2022\/03\/yenibosna_da-kurye-cagir-kopya.jpg\" \/>\n\t<meta property=\"og:image:width\" content=\"800\" \/>\n\t<meta property=\"og:image:height\" content=\"500\" \/>\n\t<meta property=\"og:image:type\" content=\"image\/jpeg\" \/>\n<meta name=\"author\" content=\"epbilisim\" \/>\n<meta name=\"twitter:card\" content=\"summary_large_image\" \/>\n<meta name=\"twitter:label1\" content=\"Yazan:\" \/>\n\t<meta name=\"twitter:data1\" content=\"epbilisim\" \/>\n\t<meta name=\"twitter:label2\" content=\"Tahmini okuma s\u00fcresi\" \/>\n\t<meta name=\"twitter:data2\" content=\"2 dakika\" \/>\n<script type=\"application\/ld+json\" class=\"yoast-schema-graph\">{\"@context\":\"https:\\\/\\\/schema.org\",\"@graph\":[{\"@type\":\"Article\",\"@id\":\"https:\\\/\\\/celebikurye.com\\\/tr\\\/istanbul-kurye-ilceleri\\\/bolgeler\\\/yenibosna-da-kurye\\\/#article\",\"isPartOf\":{\"@id\":\"https:\\\/\\\/celebikurye.com\\\/tr\\\/istanbul-kurye-ilceleri\\\/bolgeler\\\/yenibosna-da-kurye\\\/\"},\"author\":{\"name\":\"epbilisim\",\"@id\":\"https:\\\/\\\/celebikurye.com\\\/tr\\\/#\\\/schema\\\/person\\\/6936cecf075d4229326ed978f353764d\"},\"headline\":\"Yenibosna da Kurye\",\"datePublished\":\"2022-03-11T12:46:20+00:00\",\"mainEntityOfPage\":{\"@id\":\"https:\\\/\\\/celebikurye.com\\\/tr\\\/istanbul-kurye-ilceleri\\\/bolgeler\\\/yenibosna-da-kurye\\\/\"},\"wordCount\":439,\"commentCount\":0,\"image\":{\"@id\":\"https:\\\/\\\/celebikurye.com\\\/tr\\\/istanbul-kurye-ilceleri\\\/bolgeler\\\/yenibosna-da-kurye\\\/#primaryimage\"},\"thumbnailUrl\":\"https:\\\/\\\/celebikurye.com\\\/tr\\\/wp-content\\\/uploads\\\/2022\\\/03\\\/yenibosna_da-kurye-cagir-kopya.jpg\",\"keywords\":[\"Yenibosna da kurye\"],\"articleSection\":[\"B\u00f6lgeler\"],\"inLanguage\":\"tr\",\"potentialAction\":[{\"@type\":\"CommentAction\",\"name\":\"Comment\",\"target\":[\"https:\\\/\\\/celebikurye.com\\\/tr\\\/istanbul-kurye-ilceleri\\\/bolgeler\\\/yenibosna-da-kurye\\\/#respond\"]}]},{\"@type\":\"WebPage\",\"@id\":\"https:\\\/\\\/celebikurye.com\\\/tr\\\/istanbul-kurye-ilceleri\\\/bolgeler\\\/yenibosna-da-kurye\\\/\",\"url\":\"https:\\\/\\\/celebikurye.com\\\/tr\\\/istanbul-kurye-ilceleri\\\/bolgeler\\\/yenibosna-da-kurye\\\/\",\"name\":\"Yenibosna da Kurye - \u00c7elebi Kurye - 0542 600 9876 - Zaman Kazand\u0131r\u0131r\",\"isPartOf\":{\"@id\":\"https:\\\/\\\/celebikurye.com\\\/tr\\\/#website\"},\"primaryImageOfPage\":{\"@id\":\"https:\\\/\\\/celebikurye.com\\\/tr\\\/istanbul-kurye-ilceleri\\\/bolgeler\\\/yenibosna-da-kurye\\\/#primaryimage\"},\"image\":{\"@id\":\"https:\\\/\\\/celebikurye.com\\\/tr\\\/istanbul-kurye-ilceleri\\\/bolgeler\\\/yenibosna-da-kurye\\\/#primaryimage\"},\"thumbnailUrl\":\"https:\\\/\\\/celebikurye.com\\\/tr\\\/wp-content\\\/uploads\\\/2022\\\/03\\\/yenibosna_da-kurye-cagir-kopya.jpg\",\"datePublished\":\"2022-03-11T12:46:20+00:00\",\"author\":{\"@id\":\"https:\\\/\\\/celebikurye.com\\\/tr\\\/#\\\/schema\\\/person\\\/6936cecf075d4229326ed978f353764d\"},\"description\":\"2010 y\u0131l\u0131na kadar Mecidiyek\u00f6y b\u00f6lgesinden Yenibosna da kurye b\u00f6lgesine do\u011fru i\u015f potansiyeli bulunmak tay d\u0131.\",\"breadcrumb\":{\"@id\":\"https:\\\/\\\/celebikurye.com\\\/tr\\\/istanbul-kurye-ilceleri\\\/bolgeler\\\/yenibosna-da-kurye\\\/#breadcrumb\"},\"inLanguage\":\"tr\",\"potentialAction\":[{\"@type\":\"ReadAction\",\"target\":[\"https:\\\/\\\/celebikurye.com\\\/tr\\\/istanbul-kurye-ilceleri\\\/bolgeler\\\/yenibosna-da-kurye\\\/\"]}]},{\"@type\":\"ImageObject\",\"inLanguage\":\"tr\",\"@id\":\"https:\\\/\\\/celebikurye.com\\\/tr\\\/istanbul-kurye-ilceleri\\\/bolgeler\\\/yenibosna-da-kurye\\\/#primaryimage\",\"url\":\"https:\\\/\\\/celebikurye.com\\\/tr\\\/wp-content\\\/uploads\\\/2022\\\/03\\\/yenibosna_da-kurye-cagir-kopya.jpg\",\"contentUrl\":\"https:\\\/\\\/celebikurye.com\\\/tr\\\/wp-content\\\/uploads\\\/2022\\\/03\\\/yenibosna_da-kurye-cagir-kopya.jpg\",\"width\":800,\"height\":500},{\"@type\":\"BreadcrumbList\",\"@id\":\"https:\\\/\\\/celebikurye.com\\\/tr\\\/istanbul-kurye-ilceleri\\\/bolgeler\\\/yenibosna-da-kurye\\\/#breadcrumb\",\"itemListElement\":[{\"@type\":\"ListItem\",\"position\":1,\"name\":\"Anasayfa\",\"item\":\"https:\\\/\\\/celebikurye.com\\\/tr\\\/\"},{\"@type\":\"ListItem\",\"position\":2,\"name\":\"Yenibosna da Kurye\"}]},{\"@type\":\"WebSite\",\"@id\":\"https:\\\/\\\/celebikurye.com\\\/tr\\\/#website\",\"url\":\"https:\\\/\\\/celebikurye.com\\\/tr\\\/\",\"name\":\"\u00c7elebi Kurye - 0542 600 9876 - Zaman Kazand\u0131r\u0131r\",\"description\":\"Zaman Kazand\u0131r\u0131r\",\"potentialAction\":[{\"@type\":\"SearchAction\",\"target\":{\"@type\":\"EntryPoint\",\"urlTemplate\":\"https:\\\/\\\/celebikurye.com\\\/tr\\\/?s={search_term_string}\"},\"query-input\":{\"@type\":\"PropertyValueSpecification\",\"valueRequired\":true,\"valueName\":\"search_term_string\"}}],\"inLanguage\":\"tr\"},{\"@type\":\"Person\",\"@id\":\"https:\\\/\\\/celebikurye.com\\\/tr\\\/#\\\/schema\\\/person\\\/6936cecf075d4229326ed978f353764d\",\"name\":\"epbilisim\",\"image\":{\"@type\":\"ImageObject\",\"inLanguage\":\"tr\",\"@id\":\"https:\\\/\\\/secure.gravatar.com\\\/avatar\\\/6b53c25b9270d170ef20c514a1f15019195e26e66baa473d86f41e5d76890ae8?s=96&d=mm&r=g\",\"url\":\"https:\\\/\\\/secure.gravatar.com\\\/avatar\\\/6b53c25b9270d170ef20c514a1f15019195e26e66baa473d86f41e5d76890ae8?s=96&d=mm&r=g\",\"contentUrl\":\"https:\\\/\\\/secure.gravatar.com\\\/avatar\\\/6b53c25b9270d170ef20c514a1f15019195e26e66baa473d86f41e5d76890ae8?s=96&d=mm&r=g\",\"caption\":\"epbilisim\"},\"sameAs\":[\"https:\\\/\\\/celebikurye.com\\\/tr\"],\"url\":\"https:\\\/\\\/celebikurye.com\\\/tr\\\/author\\\/epbilisim\\\/\"}]}<\/script>\n<!-- \/ Yoast SEO plugin. -->","yoast_head_json":{"title":"Yenibosna da Kurye - \u00c7elebi Kurye - 0542 600 9876 - Zaman Kazand\u0131r\u0131r","description":"2010 y\u0131l\u0131na kadar Mecidiyek\u00f6y b\u00f6lgesinden Yenibosna da kurye b\u00f6lgesine do\u011fru i\u015f potansiyeli bulunmak tay d\u0131.","robots":{"index":"index","follow":"follow","max-snippet":"max-snippet:-1","max-image-preview":"max-image-preview:large","max-video-preview":"max-video-preview:-1"},"canonical":"https:\/\/celebikurye.com\/tr\/istanbul-kurye-ilceleri\/bolgeler\/yenibosna-da-kurye\/","og_locale":"tr_TR","og_type":"article","og_title":"Yenibosna da Kurye - \u00c7elebi Kurye - 0542 600 9876 - Zaman Kazand\u0131r\u0131r","og_description":"2010 y\u0131l\u0131na kadar Mecidiyek\u00f6y b\u00f6lgesinden Yenibosna da kurye b\u00f6lgesine do\u011fru i\u015f potansiyeli bulunmak tay d\u0131.","og_url":"https:\/\/celebikurye.com\/tr\/istanbul-kurye-ilceleri\/bolgeler\/yenibosna-da-kurye\/","og_site_name":"\u00c7elebi Kurye - 0542 600 9876 - Zaman Kazand\u0131r\u0131r","article_published_time":"2022-03-11T12:46:20+00:00","og_image":[{"width":800,"height":500,"url":"https:\/\/celebikurye.com\/tr\/wp-content\/uploads\/2022\/03\/yenibosna_da-kurye-cagir-kopya.jpg","type":"image\/jpeg"}],"author":"epbilisim","twitter_card":"summary_large_image","twitter_misc":{"Yazan:":"epbilisim","Tahmini okuma s\u00fcresi":"2 dakika"},"schema":{"@context":"https:\/\/schema.org","@graph":[{"@type":"Article","@id":"https:\/\/celebikurye.com\/tr\/istanbul-kurye-ilceleri\/bolgeler\/yenibosna-da-kurye\/#article","isPartOf":{"@id":"https:\/\/celebikurye.com\/tr\/istanbul-kurye-ilceleri\/bolgeler\/yenibosna-da-kurye\/"},"author":{"name":"epbilisim","@id":"https:\/\/celebikurye.com\/tr\/#\/schema\/person\/6936cecf075d4229326ed978f353764d"},"headline":"Yenibosna da Kurye","datePublished":"2022-03-11T12:46:20+00:00","mainEntityOfPage":{"@id":"https:\/\/celebikurye.com\/tr\/istanbul-kurye-ilceleri\/bolgeler\/yenibosna-da-kurye\/"},"wordCount":439,"commentCount":0,"image":{"@id":"https:\/\/celebikurye.com\/tr\/istanbul-kurye-ilceleri\/bolgeler\/yenibosna-da-kurye\/#primaryimage"},"thumbnailUrl":"https:\/\/celebikurye.com\/tr\/wp-content\/uploads\/2022\/03\/yenibosna_da-kurye-cagir-kopya.jpg","keywords":["Yenibosna da kurye"],"articleSection":["B\u00f6lgeler"],"inLanguage":"tr","potentialAction":[{"@type":"CommentAction","name":"Comment","target":["https:\/\/celebikurye.com\/tr\/istanbul-kurye-ilceleri\/bolgeler\/yenibosna-da-kurye\/#respond"]}]},{"@type":"WebPage","@id":"https:\/\/celebikurye.com\/tr\/istanbul-kurye-ilceleri\/bolgeler\/yenibosna-da-kurye\/","url":"https:\/\/celebikurye.com\/tr\/istanbul-kurye-ilceleri\/bolgeler\/yenibosna-da-kurye\/","name":"Yenibosna da Kurye - \u00c7elebi Kurye - 0542 600 9876 - Zaman Kazand\u0131r\u0131r","isPartOf":{"@id":"https:\/\/celebikurye.com\/tr\/#website"},"primaryImageOfPage":{"@id":"https:\/\/celebikurye.com\/tr\/istanbul-kurye-ilceleri\/bolgeler\/yenibosna-da-kurye\/#primaryimage"},"image":{"@id":"https:\/\/celebikurye.com\/tr\/istanbul-kurye-ilceleri\/bolgeler\/yenibosna-da-kurye\/#primaryimage"},"thumbnailUrl":"https:\/\/celebikurye.com\/tr\/wp-content\/uploads\/2022\/03\/yenibosna_da-kurye-cagir-kopya.jpg","datePublished":"2022-03-11T12:46:20+00:00","author":{"@id":"https:\/\/celebikurye.com\/tr\/#\/schema\/person\/6936cecf075d4229326ed978f353764d"},"description":"2010 y\u0131l\u0131na kadar Mecidiyek\u00f6y b\u00f6lgesinden Yenibosna da kurye b\u00f6lgesine do\u011fru i\u015f potansiyeli bulunmak tay d\u0131.","breadcrumb":{"@id":"https:\/\/celebikurye.com\/tr\/istanbul-kurye-ilceleri\/bolgeler\/yenibosna-da-kurye\/#breadcrumb"},"inLanguage":"tr","potentialAction":[{"@type":"ReadAction","target":["https:\/\/celebikurye.com\/tr\/istanbul-kurye-ilceleri\/bolgeler\/yenibosna-da-kurye\/"]}]},{"@type":"ImageObject","inLanguage":"tr","@id":"https:\/\/celebikurye.com\/tr\/istanbul-kurye-ilceleri\/bolgeler\/yenibosna-da-kurye\/#primaryimage","url":"https:\/\/celebikurye.com\/tr\/wp-content\/uploads\/2022\/03\/yenibosna_da-kurye-cagir-kopya.jpg","contentUrl":"https:\/\/celebikurye.com\/tr\/wp-content\/uploads\/2022\/03\/yenibosna_da-kurye-cagir-kopya.jpg","width":800,"height":500},{"@type":"BreadcrumbList","@id":"https:\/\/celebikurye.com\/tr\/istanbul-kurye-ilceleri\/bolgeler\/yenibosna-da-kurye\/#breadcrumb","itemListElement":[{"@type":"ListItem","position":1,"name":"Anasayfa","item":"https:\/\/celebikurye.com\/tr\/"},{"@type":"ListItem","position":2,"name":"Yenibosna da Kurye"}]},{"@type":"WebSite","@id":"https:\/\/celebikurye.com\/tr\/#website","url":"https:\/\/celebikurye.com\/tr\/","name":"\u00c7elebi Kurye - 0542 600 9876 - Zaman Kazand\u0131r\u0131r","description":"Zaman Kazand\u0131r\u0131r","potentialAction":[{"@type":"SearchAction","target":{"@type":"EntryPoint","urlTemplate":"https:\/\/celebikurye.com\/tr\/?s={search_term_string}"},"query-input":{"@type":"PropertyValueSpecification","valueRequired":true,"valueName":"search_term_string"}}],"inLanguage":"tr"},{"@type":"Person","@id":"https:\/\/celebikurye.com\/tr\/#\/schema\/person\/6936cecf075d4229326ed978f353764d","name":"epbilisim","image":{"@type":"ImageObject","inLanguage":"tr","@id":"https:\/\/secure.gravatar.com\/avatar\/6b53c25b9270d170ef20c514a1f15019195e26e66baa473d86f41e5d76890ae8?s=96&d=mm&r=g","url":"https:\/\/secure.gravatar.com\/avatar\/6b53c25b9270d170ef20c514a1f15019195e26e66baa473d86f41e5d76890ae8?s=96&d=mm&r=g","contentUrl":"https:\/\/secure.gravatar.com\/avatar\/6b53c25b9270d170ef20c514a1f15019195e26e66baa473d86f41e5d76890ae8?s=96&d=mm&r=g","caption":"epbilisim"},"sameAs":["https:\/\/celebikurye.com\/tr"],"url":"https:\/\/celebikurye.com\/tr\/author\/epbilisim\/"}]}},"_links":{"self":[{"href":"https:\/\/celebikurye.com\/tr\/wp-json\/wp\/v2\/posts\/2259","targetHints":{"allow":["GET"]}}],"collection":[{"href":"https:\/\/celebikurye.com\/tr\/wp-json\/wp\/v2\/posts"}],"about":[{"href":"https:\/\/celebikurye.com\/tr\/wp-json\/wp\/v2\/types\/post"}],"author":[{"embeddable":true,"href":"https:\/\/celebikurye.com\/tr\/wp-json\/wp\/v2\/users\/1"}],"replies":[{"embeddable":true,"href":"https:\/\/celebikurye.com\/tr\/wp-json\/wp\/v2\/comments?post=2259"}],"version-history":[{"count":1,"href":"https:\/\/celebikurye.com\/tr\/wp-json\/wp\/v2\/posts\/2259\/revisions"}],"predecessor-version":[{"id":2261,"href":"https:\/\/celebikurye.com\/tr\/wp-json\/wp\/v2\/posts\/2259\/revisions\/2261"}],"wp:featuredmedia":[{"embeddable":true,"href":"https:\/\/celebikurye.com\/tr\/wp-json\/wp\/v2\/media\/2260"}],"wp:attachment":[{"href":"https:\/\/celebikurye.com\/tr\/wp-json\/wp\/v2\/media?parent=2259"}],"wp:term":[{"taxonomy":"category","embeddable":true,"href":"https:\/\/celebikurye.com\/tr\/wp-json\/wp\/v2\/categories?post=2259"},{"taxonomy":"post_tag","embeddable":true,"href":"https:\/\/celebikurye.com\/tr\/wp-json\/wp\/v2\/tags?post=2259"}],"curies":[{"name":"wp","href":"https:\/\/api.w.org\/{rel}","templated":true}]}}