{"id":1007,"date":"2020-09-01T14:15:00","date_gmt":"2020-09-01T14:15:00","guid":{"rendered":"https:\/\/celebikurye.com\/tr\/?p=1007"},"modified":"2022-03-07T20:24:42","modified_gmt":"2022-03-07T17:24:42","slug":"mecidiyekoy-de-kurye","status":"publish","type":"post","link":"https:\/\/celebikurye.com\/tr\/istanbul-kurye-ilceleri\/mecidiyekoy-de-kurye\/","title":{"rendered":"Mecidiyek\u00f6y de Kurye"},"content":{"rendered":"<p>G\u00f6nderi ta\u015f\u0131yan kuryeler bilir. en \u00e7ok verilen kay\u0131t \u015ei\u015fli nin Mecidiyek\u00f6y mahallesinden verilir. O y\u00fczden Mecidiyek\u00f6y de kurye en \u00e7ok sorgulanan anahtar kelimelerden dir.<\/p>\n<p>Y\u0131llar ge\u00e7tik\u00e7e kurye g\u00f6nderi b\u00f6lgeleri de\u011fi\u015fmektedir. Her b\u00f6lge sanayile\u015fmesi ile birlikte daha fazla i\u015f potansiyeline kavu\u015fmaktad\u0131r. \u00d6zellikle fabrikalar\u0131n \u015fehir d\u0131\u015f\u0131nda konu\u015flanmaya ba\u015flamas\u0131 bunda b\u00fcy\u00fck etkendir. Fabrikalar \u015fehir d\u0131\u015f\u0131na ta\u015f\u0131n\u0131rken merkez ofisler 1. b\u00f6lgede kalmaktad\u0131r. b\u00f6ylece ta\u015f\u0131nacak g\u00f6nderiler kurye hizmeti ile hedeflerine ula\u015ft\u0131r\u0131lmaktad\u0131r. Ba\u015fka \u00e7a\u011fr\u0131 \u015fekilleri de bolca kullan\u0131lsa da en \u00e7ok kullan\u0131lan kelime Mecidiyek\u00f6y de Kurye olmaktad\u0131r.<\/p>\n<p>Plaza katlar\u0131 firmalar\u0131n g\u00f6r\u00fcnen y\u00fczleri olmaktad\u0131r. Plaza katlar\u0131nda \u00fcretim yap\u0131lmas\u0131 m\u00fcmk\u00fcn olmad\u0131\u011f\u0131 ni\u00e7in firmalar \u00fcretim sahalar\u0131n\u0131 \u015fehir d\u0131\u015f\u0131na ta\u015f\u0131maktad\u0131r. Hatta sanayi siteleri art\u0131k \u015fehir i\u00e7inden ta\u015f\u0131nmaktad\u0131r. Bu y\u00f6ntem le mimaride de\u011fi\u015fim g\u00f6stermektedir. Kurye sekt\u00f6r\u00fc i\u015flerinin \u00e7o\u011funu birinci b\u00f6lgeden almaktad\u0131r. Tabiki Kurye \u015firketleri de bu lokasyona yak\u0131n yerlerde konu\u015flanmaktad\u0131r. G\u00f6nderinin k\u0131sa zamanda al\u0131nabilmesi i\u00e7in bu gereklidir.<\/p>\n<h3>K\u00f6pr\u00fc ge\u00e7i\u015fleri orta noktas\u0131<\/h3>\n<p>Anadolu ve Avrupa k\u00f6pr\u00fc ge\u00e7i\u015fleri ortak no0ktas\u0131 Mecidiyek\u00f6y d\u00fcr. Anadolu&#8217;ya ge\u00e7meden \u00f6nce mutlaka Zincirlikuyu da son anons edilir. Ayn\u0131 \u015fekilde Avrupa&#8217;ya ge\u00e7ince de k\u00f6pr\u00fc \u00e7\u0131k\u0131\u015f\u0131nda mutlaka sorgulama yap\u0131lmaktad\u0131r. \u0130\u015flerin gecikmemesi i\u00e7in bu gereklidir. Ge\u00e7i\u015f s\u0131ras\u0131nda yeni, bir geli\u015fme olabilmektedir. Geli\u015fmenin g\u00f6nderi teslimat\u0131na olumsuz etki etmemesi i\u00e7in h\u0131zl\u0131 hareket edilmesi gerekmektedir.<\/p>\n<p>Mecidiyek\u00f6y&#8217; e yak\u0131n olan Levent b\u00f6lgesi de ayn\u0131 \u015fekilde g\u00f6nderi hareketi olan bir b\u00f6lgedir. Ancak \u0130stanbul&#8217; un en \u00e7ok g\u00f6nderi kayd\u0131 verilen b\u00f6lgesi Mecidiyek\u00f6y d\u00fcr. Bir anlamda her y\u00f6ne gidecek evrak buradan ge\u00e7mektedir. Ortaklar caddesi ve fulya ayn\u0131 b\u00f6lge kapsam\u0131nda etili olmaktad\u0131r. \u015ei\u015fli Cumhuriyet caddesi Mecidiyek\u00f6y e ba\u011flant\u0131s\u0131 olmas\u0131 sebebiyle \u00e7ok say\u0131da i\u015fletmeye ev sahipli\u011fi yapmaktad\u0131r.<\/p>\n<p>Hareketin \u00e7ok olmas\u0131 motosiklet tamiri i\u00e7in de lokasyonun oldu\u011fu bir yerdir. \u00d6zellikle zincir lidere caddesi b\u00f6lgesinde motosiklet tamircileri bulunmaktad\u0131r. Ani m\u00fcdahale yada tamir i\u015flemleri de i\u015flerin devam edebilmesi i\u00e7in olmazsa olmaz durumdad\u0131r.<\/p>\n<p>Yo\u011funluk olmas\u0131 yerle\u015fimin de pahal\u0131 bir hale d\u00f6n\u00fc\u015fmesine sebebiyet vermektedir. Ay n\u0131 \u015fekilde trafik ve otoparklar\u0131n \u00e7oklu\u011fu da g\u00f6zden ka\u00e7mamaktad\u0131r.<br \/>\n\u015eehrin ticaret merkezi olan <a href=\"https:\/\/kuryeminteli.com\/bolgeler\/ilceler\/mecidiyekoy-de-kurye\/\" target=\"_blank\" rel=\"noopener\">Mecidiyek\u00f6y<\/a> mutlaka kullan\u0131lmaktad\u0131r. Metro, Metrob\u00fcs ge\u00e7i\u015fleri ile trafik hafiflese de yaya trafi\u011fi i\u015f ba\u015flang\u0131\u00e7 ve biti\u015f saatlerinde etkili olmaktad\u0131r.<\/p>\n","protected":false},"excerpt":{"rendered":"<p>O y\u00fczden Mecidiyek\u00f6y de kurye en \u00e7ok sorgulanan anahtar kelimelerden dir.<\/p>\n","protected":false},"author":1,"featured_media":2239,"comment_status":"open","ping_status":"open","sticky":false,"template":"","format":"standard","meta":{"footnotes":""},"categories":[28,9],"tags":[31],"class_list":["post-1007","post","type-post","status-publish","format-standard","has-post-thumbnail","hentry","category-bolgeler","category-istanbul-kurye-ilceleri","tag-mecidiyekoy-de-kurye"],"yoast_head":"<!-- This site is optimized with the Yoast SEO plugin v27.3 - https:\/\/yoast.com\/product\/yoast-seo-wordpress\/ -->\n<title>Mecidiyek\u00f6y de Kurye - \u00c7elebi Kurye - 0542 600 9876 - Zaman Kazand\u0131r\u0131r<\/title>\n<meta name=\"robots\" content=\"index, follow, max-snippet:-1, max-image-preview:large, max-video-preview:-1\" \/>\n<link rel=\"canonical\" href=\"https:\/\/celebikurye.com\/tr\/istanbul-kurye-ilceleri\/mecidiyekoy-de-kurye\/\" \/>\n<meta property=\"og:locale\" content=\"tr_TR\" \/>\n<meta property=\"og:type\" content=\"article\" \/>\n<meta property=\"og:title\" content=\"Mecidiyek\u00f6y de Kurye - \u00c7elebi Kurye - 0542 600 9876 - Zaman Kazand\u0131r\u0131r\" \/>\n<meta property=\"og:description\" content=\"O y\u00fczden Mecidiyek\u00f6y de kurye en \u00e7ok sorgulanan anahtar kelimelerden dir.\" \/>\n<meta property=\"og:url\" content=\"https:\/\/celebikurye.com\/tr\/istanbul-kurye-ilceleri\/mecidiyekoy-de-kurye\/\" \/>\n<meta property=\"og:site_name\" content=\"\u00c7elebi Kurye - 0542 600 9876 - Zaman Kazand\u0131r\u0131r\" \/>\n<meta property=\"article:published_time\" content=\"2020-09-01T14:15:00+00:00\" \/>\n<meta property=\"article:modified_time\" content=\"2022-03-07T17:24:42+00:00\" \/>\n<meta property=\"og:image\" content=\"https:\/\/celebikurye.com\/tr\/wp-content\/uploads\/2020\/09\/mecidiyekoyde-kurye-cagir.jpg\" \/>\n\t<meta property=\"og:image:width\" content=\"800\" \/>\n\t<meta property=\"og:image:height\" content=\"500\" \/>\n\t<meta property=\"og:image:type\" content=\"image\/jpeg\" \/>\n<meta name=\"author\" content=\"epbilisim\" \/>\n<meta name=\"twitter:card\" content=\"summary_large_image\" \/>\n<meta name=\"twitter:label1\" content=\"Yazan:\" \/>\n\t<meta name=\"twitter:data1\" content=\"epbilisim\" \/>\n\t<meta name=\"twitter:label2\" content=\"Tahmini okuma s\u00fcresi\" \/>\n\t<meta name=\"twitter:data2\" content=\"2 dakika\" \/>\n<script type=\"application\/ld+json\" class=\"yoast-schema-graph\">{\"@context\":\"https:\\\/\\\/schema.org\",\"@graph\":[{\"@type\":\"Article\",\"@id\":\"https:\\\/\\\/celebikurye.com\\\/tr\\\/istanbul-kurye-ilceleri\\\/mecidiyekoy-de-kurye\\\/#article\",\"isPartOf\":{\"@id\":\"https:\\\/\\\/celebikurye.com\\\/tr\\\/istanbul-kurye-ilceleri\\\/mecidiyekoy-de-kurye\\\/\"},\"author\":{\"name\":\"epbilisim\",\"@id\":\"https:\\\/\\\/celebikurye.com\\\/tr\\\/#\\\/schema\\\/person\\\/6936cecf075d4229326ed978f353764d\"},\"headline\":\"Mecidiyek\u00f6y de Kurye\",\"datePublished\":\"2020-09-01T14:15:00+00:00\",\"dateModified\":\"2022-03-07T17:24:42+00:00\",\"mainEntityOfPage\":{\"@id\":\"https:\\\/\\\/celebikurye.com\\\/tr\\\/istanbul-kurye-ilceleri\\\/mecidiyekoy-de-kurye\\\/\"},\"wordCount\":476,\"commentCount\":0,\"image\":{\"@id\":\"https:\\\/\\\/celebikurye.com\\\/tr\\\/istanbul-kurye-ilceleri\\\/mecidiyekoy-de-kurye\\\/#primaryimage\"},\"thumbnailUrl\":\"https:\\\/\\\/celebikurye.com\\\/tr\\\/wp-content\\\/uploads\\\/2020\\\/09\\\/mecidiyekoyde-kurye-cagir.jpg\",\"keywords\":[\"Mecidiyek\u00f6y de Kurye\"],\"articleSection\":[\"B\u00f6lgeler\",\"\u0130l\u00e7eler\"],\"inLanguage\":\"tr\",\"potentialAction\":[{\"@type\":\"CommentAction\",\"name\":\"Comment\",\"target\":[\"https:\\\/\\\/celebikurye.com\\\/tr\\\/istanbul-kurye-ilceleri\\\/mecidiyekoy-de-kurye\\\/#respond\"]}]},{\"@type\":\"WebPage\",\"@id\":\"https:\\\/\\\/celebikurye.com\\\/tr\\\/istanbul-kurye-ilceleri\\\/mecidiyekoy-de-kurye\\\/\",\"url\":\"https:\\\/\\\/celebikurye.com\\\/tr\\\/istanbul-kurye-ilceleri\\\/mecidiyekoy-de-kurye\\\/\",\"name\":\"Mecidiyek\u00f6y de Kurye - \u00c7elebi Kurye - 0542 600 9876 - Zaman Kazand\u0131r\u0131r\",\"isPartOf\":{\"@id\":\"https:\\\/\\\/celebikurye.com\\\/tr\\\/#website\"},\"primaryImageOfPage\":{\"@id\":\"https:\\\/\\\/celebikurye.com\\\/tr\\\/istanbul-kurye-ilceleri\\\/mecidiyekoy-de-kurye\\\/#primaryimage\"},\"image\":{\"@id\":\"https:\\\/\\\/celebikurye.com\\\/tr\\\/istanbul-kurye-ilceleri\\\/mecidiyekoy-de-kurye\\\/#primaryimage\"},\"thumbnailUrl\":\"https:\\\/\\\/celebikurye.com\\\/tr\\\/wp-content\\\/uploads\\\/2020\\\/09\\\/mecidiyekoyde-kurye-cagir.jpg\",\"datePublished\":\"2020-09-01T14:15:00+00:00\",\"dateModified\":\"2022-03-07T17:24:42+00:00\",\"author\":{\"@id\":\"https:\\\/\\\/celebikurye.com\\\/tr\\\/#\\\/schema\\\/person\\\/6936cecf075d4229326ed978f353764d\"},\"breadcrumb\":{\"@id\":\"https:\\\/\\\/celebikurye.com\\\/tr\\\/istanbul-kurye-ilceleri\\\/mecidiyekoy-de-kurye\\\/#breadcrumb\"},\"inLanguage\":\"tr\",\"potentialAction\":[{\"@type\":\"ReadAction\",\"target\":[\"https:\\\/\\\/celebikurye.com\\\/tr\\\/istanbul-kurye-ilceleri\\\/mecidiyekoy-de-kurye\\\/\"]}]},{\"@type\":\"ImageObject\",\"inLanguage\":\"tr\",\"@id\":\"https:\\\/\\\/celebikurye.com\\\/tr\\\/istanbul-kurye-ilceleri\\\/mecidiyekoy-de-kurye\\\/#primaryimage\",\"url\":\"https:\\\/\\\/celebikurye.com\\\/tr\\\/wp-content\\\/uploads\\\/2020\\\/09\\\/mecidiyekoyde-kurye-cagir.jpg\",\"contentUrl\":\"https:\\\/\\\/celebikurye.com\\\/tr\\\/wp-content\\\/uploads\\\/2020\\\/09\\\/mecidiyekoyde-kurye-cagir.jpg\",\"width\":800,\"height\":500},{\"@type\":\"BreadcrumbList\",\"@id\":\"https:\\\/\\\/celebikurye.com\\\/tr\\\/istanbul-kurye-ilceleri\\\/mecidiyekoy-de-kurye\\\/#breadcrumb\",\"itemListElement\":[{\"@type\":\"ListItem\",\"position\":1,\"name\":\"Anasayfa\",\"item\":\"https:\\\/\\\/celebikurye.com\\\/tr\\\/\"},{\"@type\":\"ListItem\",\"position\":2,\"name\":\"Mecidiyek\u00f6y de Kurye\"}]},{\"@type\":\"WebSite\",\"@id\":\"https:\\\/\\\/celebikurye.com\\\/tr\\\/#website\",\"url\":\"https:\\\/\\\/celebikurye.com\\\/tr\\\/\",\"name\":\"\u00c7elebi Kurye - 0542 600 9876 - Zaman Kazand\u0131r\u0131r\",\"description\":\"Zaman Kazand\u0131r\u0131r\",\"potentialAction\":[{\"@type\":\"SearchAction\",\"target\":{\"@type\":\"EntryPoint\",\"urlTemplate\":\"https:\\\/\\\/celebikurye.com\\\/tr\\\/?s={search_term_string}\"},\"query-input\":{\"@type\":\"PropertyValueSpecification\",\"valueRequired\":true,\"valueName\":\"search_term_string\"}}],\"inLanguage\":\"tr\"},{\"@type\":\"Person\",\"@id\":\"https:\\\/\\\/celebikurye.com\\\/tr\\\/#\\\/schema\\\/person\\\/6936cecf075d4229326ed978f353764d\",\"name\":\"epbilisim\",\"image\":{\"@type\":\"ImageObject\",\"inLanguage\":\"tr\",\"@id\":\"https:\\\/\\\/secure.gravatar.com\\\/avatar\\\/6b53c25b9270d170ef20c514a1f15019195e26e66baa473d86f41e5d76890ae8?s=96&d=mm&r=g\",\"url\":\"https:\\\/\\\/secure.gravatar.com\\\/avatar\\\/6b53c25b9270d170ef20c514a1f15019195e26e66baa473d86f41e5d76890ae8?s=96&d=mm&r=g\",\"contentUrl\":\"https:\\\/\\\/secure.gravatar.com\\\/avatar\\\/6b53c25b9270d170ef20c514a1f15019195e26e66baa473d86f41e5d76890ae8?s=96&d=mm&r=g\",\"caption\":\"epbilisim\"},\"sameAs\":[\"https:\\\/\\\/celebikurye.com\\\/tr\"],\"url\":\"https:\\\/\\\/celebikurye.com\\\/tr\\\/author\\\/epbilisim\\\/\"}]}<\/script>\n<!-- \/ Yoast SEO plugin. -->","yoast_head_json":{"title":"Mecidiyek\u00f6y de Kurye - \u00c7elebi Kurye - 0542 600 9876 - Zaman Kazand\u0131r\u0131r","robots":{"index":"index","follow":"follow","max-snippet":"max-snippet:-1","max-image-preview":"max-image-preview:large","max-video-preview":"max-video-preview:-1"},"canonical":"https:\/\/celebikurye.com\/tr\/istanbul-kurye-ilceleri\/mecidiyekoy-de-kurye\/","og_locale":"tr_TR","og_type":"article","og_title":"Mecidiyek\u00f6y de Kurye - \u00c7elebi Kurye - 0542 600 9876 - Zaman Kazand\u0131r\u0131r","og_description":"O y\u00fczden Mecidiyek\u00f6y de kurye en \u00e7ok sorgulanan anahtar kelimelerden dir.","og_url":"https:\/\/celebikurye.com\/tr\/istanbul-kurye-ilceleri\/mecidiyekoy-de-kurye\/","og_site_name":"\u00c7elebi Kurye - 0542 600 9876 - Zaman Kazand\u0131r\u0131r","article_published_time":"2020-09-01T14:15:00+00:00","article_modified_time":"2022-03-07T17:24:42+00:00","og_image":[{"width":800,"height":500,"url":"https:\/\/celebikurye.com\/tr\/wp-content\/uploads\/2020\/09\/mecidiyekoyde-kurye-cagir.jpg","type":"image\/jpeg"}],"author":"epbilisim","twitter_card":"summary_large_image","twitter_misc":{"Yazan:":"epbilisim","Tahmini okuma s\u00fcresi":"2 dakika"},"schema":{"@context":"https:\/\/schema.org","@graph":[{"@type":"Article","@id":"https:\/\/celebikurye.com\/tr\/istanbul-kurye-ilceleri\/mecidiyekoy-de-kurye\/#article","isPartOf":{"@id":"https:\/\/celebikurye.com\/tr\/istanbul-kurye-ilceleri\/mecidiyekoy-de-kurye\/"},"author":{"name":"epbilisim","@id":"https:\/\/celebikurye.com\/tr\/#\/schema\/person\/6936cecf075d4229326ed978f353764d"},"headline":"Mecidiyek\u00f6y de Kurye","datePublished":"2020-09-01T14:15:00+00:00","dateModified":"2022-03-07T17:24:42+00:00","mainEntityOfPage":{"@id":"https:\/\/celebikurye.com\/tr\/istanbul-kurye-ilceleri\/mecidiyekoy-de-kurye\/"},"wordCount":476,"commentCount":0,"image":{"@id":"https:\/\/celebikurye.com\/tr\/istanbul-kurye-ilceleri\/mecidiyekoy-de-kurye\/#primaryimage"},"thumbnailUrl":"https:\/\/celebikurye.com\/tr\/wp-content\/uploads\/2020\/09\/mecidiyekoyde-kurye-cagir.jpg","keywords":["Mecidiyek\u00f6y de Kurye"],"articleSection":["B\u00f6lgeler","\u0130l\u00e7eler"],"inLanguage":"tr","potentialAction":[{"@type":"CommentAction","name":"Comment","target":["https:\/\/celebikurye.com\/tr\/istanbul-kurye-ilceleri\/mecidiyekoy-de-kurye\/#respond"]}]},{"@type":"WebPage","@id":"https:\/\/celebikurye.com\/tr\/istanbul-kurye-ilceleri\/mecidiyekoy-de-kurye\/","url":"https:\/\/celebikurye.com\/tr\/istanbul-kurye-ilceleri\/mecidiyekoy-de-kurye\/","name":"Mecidiyek\u00f6y de Kurye - \u00c7elebi Kurye - 0542 600 9876 - Zaman Kazand\u0131r\u0131r","isPartOf":{"@id":"https:\/\/celebikurye.com\/tr\/#website"},"primaryImageOfPage":{"@id":"https:\/\/celebikurye.com\/tr\/istanbul-kurye-ilceleri\/mecidiyekoy-de-kurye\/#primaryimage"},"image":{"@id":"https:\/\/celebikurye.com\/tr\/istanbul-kurye-ilceleri\/mecidiyekoy-de-kurye\/#primaryimage"},"thumbnailUrl":"https:\/\/celebikurye.com\/tr\/wp-content\/uploads\/2020\/09\/mecidiyekoyde-kurye-cagir.jpg","datePublished":"2020-09-01T14:15:00+00:00","dateModified":"2022-03-07T17:24:42+00:00","author":{"@id":"https:\/\/celebikurye.com\/tr\/#\/schema\/person\/6936cecf075d4229326ed978f353764d"},"breadcrumb":{"@id":"https:\/\/celebikurye.com\/tr\/istanbul-kurye-ilceleri\/mecidiyekoy-de-kurye\/#breadcrumb"},"inLanguage":"tr","potentialAction":[{"@type":"ReadAction","target":["https:\/\/celebikurye.com\/tr\/istanbul-kurye-ilceleri\/mecidiyekoy-de-kurye\/"]}]},{"@type":"ImageObject","inLanguage":"tr","@id":"https:\/\/celebikurye.com\/tr\/istanbul-kurye-ilceleri\/mecidiyekoy-de-kurye\/#primaryimage","url":"https:\/\/celebikurye.com\/tr\/wp-content\/uploads\/2020\/09\/mecidiyekoyde-kurye-cagir.jpg","contentUrl":"https:\/\/celebikurye.com\/tr\/wp-content\/uploads\/2020\/09\/mecidiyekoyde-kurye-cagir.jpg","width":800,"height":500},{"@type":"BreadcrumbList","@id":"https:\/\/celebikurye.com\/tr\/istanbul-kurye-ilceleri\/mecidiyekoy-de-kurye\/#breadcrumb","itemListElement":[{"@type":"ListItem","position":1,"name":"Anasayfa","item":"https:\/\/celebikurye.com\/tr\/"},{"@type":"ListItem","position":2,"name":"Mecidiyek\u00f6y de Kurye"}]},{"@type":"WebSite","@id":"https:\/\/celebikurye.com\/tr\/#website","url":"https:\/\/celebikurye.com\/tr\/","name":"\u00c7elebi Kurye - 0542 600 9876 - Zaman Kazand\u0131r\u0131r","description":"Zaman Kazand\u0131r\u0131r","potentialAction":[{"@type":"SearchAction","target":{"@type":"EntryPoint","urlTemplate":"https:\/\/celebikurye.com\/tr\/?s={search_term_string}"},"query-input":{"@type":"PropertyValueSpecification","valueRequired":true,"valueName":"search_term_string"}}],"inLanguage":"tr"},{"@type":"Person","@id":"https:\/\/celebikurye.com\/tr\/#\/schema\/person\/6936cecf075d4229326ed978f353764d","name":"epbilisim","image":{"@type":"ImageObject","inLanguage":"tr","@id":"https:\/\/secure.gravatar.com\/avatar\/6b53c25b9270d170ef20c514a1f15019195e26e66baa473d86f41e5d76890ae8?s=96&d=mm&r=g","url":"https:\/\/secure.gravatar.com\/avatar\/6b53c25b9270d170ef20c514a1f15019195e26e66baa473d86f41e5d76890ae8?s=96&d=mm&r=g","contentUrl":"https:\/\/secure.gravatar.com\/avatar\/6b53c25b9270d170ef20c514a1f15019195e26e66baa473d86f41e5d76890ae8?s=96&d=mm&r=g","caption":"epbilisim"},"sameAs":["https:\/\/celebikurye.com\/tr"],"url":"https:\/\/celebikurye.com\/tr\/author\/epbilisim\/"}]}},"_links":{"self":[{"href":"https:\/\/celebikurye.com\/tr\/wp-json\/wp\/v2\/posts\/1007","targetHints":{"allow":["GET"]}}],"collection":[{"href":"https:\/\/celebikurye.com\/tr\/wp-json\/wp\/v2\/posts"}],"about":[{"href":"https:\/\/celebikurye.com\/tr\/wp-json\/wp\/v2\/types\/post"}],"author":[{"embeddable":true,"href":"https:\/\/celebikurye.com\/tr\/wp-json\/wp\/v2\/users\/1"}],"replies":[{"embeddable":true,"href":"https:\/\/celebikurye.com\/tr\/wp-json\/wp\/v2\/comments?post=1007"}],"version-history":[{"count":2,"href":"https:\/\/celebikurye.com\/tr\/wp-json\/wp\/v2\/posts\/1007\/revisions"}],"predecessor-version":[{"id":2240,"href":"https:\/\/celebikurye.com\/tr\/wp-json\/wp\/v2\/posts\/1007\/revisions\/2240"}],"wp:featuredmedia":[{"embeddable":true,"href":"https:\/\/celebikurye.com\/tr\/wp-json\/wp\/v2\/media\/2239"}],"wp:attachment":[{"href":"https:\/\/celebikurye.com\/tr\/wp-json\/wp\/v2\/media?parent=1007"}],"wp:term":[{"taxonomy":"category","embeddable":true,"href":"https:\/\/celebikurye.com\/tr\/wp-json\/wp\/v2\/categories?post=1007"},{"taxonomy":"post_tag","embeddable":true,"href":"https:\/\/celebikurye.com\/tr\/wp-json\/wp\/v2\/tags?post=1007"}],"curies":[{"name":"wp","href":"https:\/\/api.w.org\/{rel}","templated":true}]}}